{"id":1293,"date":"2026-07-31T15:44:22","date_gmt":"2026-07-31T13:44:22","guid":{"rendered":"http:\/\/5.45.101.177\/haut-allier\/usagers-transportse\/index.php\/2026\/07\/31\/coulees-de-boue-sur-la-ligne-des1293\/"},"modified":"2026-09-01T16:13:27","modified_gmt":"2026-09-01T14:13:27","slug":"coulees-de-boue-sur-la-ligne-des1293","status":"publish","type":"post","link":"https:\/\/usagers-transports.haut-allier.eu\/index.php\/2026\/07\/31\/coulees-de-boue-sur-la-ligne-des1293\/","title":{"rendered":"Coul\u00e9es de boue sur la ligne des C\u00e9vennes : \u00e0 partir du 1er ao\u00fbt enfin des minibus de substitution"},"content":{"rendered":"Pour les gares \u00ab\u00a0orphelines\u00a0\u00bb de transports de substitution dans les gorges de l&rsquo;Allier, pour les gares de Chapeauroux, Alleyras et Monistrol d&rsquo;Allier \u00e0 partir de Langogne et de Langeac (voire St Georges d&rsquo;Aurac pour un cas, consulter la fiche horaire ci-dessous). Il y a eu en effet une mise en place de minibus 8 places pour \u00ab\u00a0descendre\u00a0\u00bb dans les 3 gares des gorges.\n\nNous constatons avec plaisir que nos demandes \u00e9voqu\u00e9es dans les articles parus dans toute la presse r\u00e9gionale suite \u00e0 notre <a href=\"https:\/\/usagers-transports.haut-allier.eu\/?coulees-de-boue-sur-la-ligne-des,1292.html\"><em>communiqu\u00e9<\/em><\/a> ont eu l&rsquo;effet attendu. Merci aux journalistes. \n\nLes fiches horaires jusqu&rsquo;au 14 ao\u00fbt :\n\n<img loading=\"lazy\" decoding=\"async\" class=\" aligncenter size-full wp-image-5947\" src=\"http:\/\/5.45.101.177\/haut-allier\/usagers-transportse\/wp-content\/uploads\/2026\/07\/affiche_info_trafic_du_0108_au_1308_-_contraintes_d_infrastructure_chapeauroux-1.jpg\" alt=\"affiche_info_trafic_du_0108_au_1308_-_contraintes_d_infrastructure_chapeauroux-1.jpg\" align=\"center\" width=\"1571\" height=\"2170\" srcset=\"https:\/\/usagers-transports.haut-allier.eu\/wp-content\/uploads\/2026\/07\/affiche_info_trafic_du_0108_au_1308_-_contraintes_d_infrastructure_chapeauroux-1.jpg 1571w, https:\/\/usagers-transports.haut-allier.eu\/wp-content\/uploads\/2026\/07\/affiche_info_trafic_du_0108_au_1308_-_contraintes_d_infrastructure_chapeauroux-1-217x300.jpg 217w, https:\/\/usagers-transports.haut-allier.eu\/wp-content\/uploads\/2026\/07\/affiche_info_trafic_du_0108_au_1308_-_contraintes_d_infrastructure_chapeauroux-1-741x1024.jpg 741w, https:\/\/usagers-transports.haut-allier.eu\/wp-content\/uploads\/2026\/07\/affiche_info_trafic_du_0108_au_1308_-_contraintes_d_infrastructure_chapeauroux-1-768x1061.jpg 768w, https:\/\/usagers-transports.haut-allier.eu\/wp-content\/uploads\/2026\/07\/affiche_info_trafic_du_0108_au_1308_-_contraintes_d_infrastructure_chapeauroux-1-1112x1536.jpg 1112w, https:\/\/usagers-transports.haut-allier.eu\/wp-content\/uploads\/2026\/07\/affiche_info_trafic_du_0108_au_1308_-_contraintes_d_infrastructure_chapeauroux-1-1483x2048.jpg 1483w\" sizes=\"auto, (max-width: 1571px) 100vw, 1571px\" \/>\n\n<img loading=\"lazy\" decoding=\"async\" class=\" aligncenter size-full wp-image-5948\" src=\"http:\/\/5.45.101.177\/haut-allier\/usagers-transportse\/wp-content\/uploads\/2026\/07\/affiche_info_trafic_du_0108_au_1308_-_contraintes_d_infrastructure_chapeauroux-2.jpg\" alt=\"affiche_info_trafic_du_0108_au_1308_-_contraintes_d_infrastructure_chapeauroux-2.jpg\" align=\"center\" width=\"1571\" height=\"2170\" srcset=\"https:\/\/usagers-transports.haut-allier.eu\/wp-content\/uploads\/2026\/07\/affiche_info_trafic_du_0108_au_1308_-_contraintes_d_infrastructure_chapeauroux-2.jpg 1571w, https:\/\/usagers-transports.haut-allier.eu\/wp-content\/uploads\/2026\/07\/affiche_info_trafic_du_0108_au_1308_-_contraintes_d_infrastructure_chapeauroux-2-217x300.jpg 217w, https:\/\/usagers-transports.haut-allier.eu\/wp-content\/uploads\/2026\/07\/affiche_info_trafic_du_0108_au_1308_-_contraintes_d_infrastructure_chapeauroux-2-741x1024.jpg 741w, https:\/\/usagers-transports.haut-allier.eu\/wp-content\/uploads\/2026\/07\/affiche_info_trafic_du_0108_au_1308_-_contraintes_d_infrastructure_chapeauroux-2-768x1061.jpg 768w, https:\/\/usagers-transports.haut-allier.eu\/wp-content\/uploads\/2026\/07\/affiche_info_trafic_du_0108_au_1308_-_contraintes_d_infrastructure_chapeauroux-2-1112x1536.jpg 1112w, https:\/\/usagers-transports.haut-allier.eu\/wp-content\/uploads\/2026\/07\/affiche_info_trafic_du_0108_au_1308_-_contraintes_d_infrastructure_chapeauroux-2-1483x2048.jpg 1483w\" sizes=\"auto, (max-width: 1571px) 100vw, 1571px\" \/>\n\nAinsi toute la zone impact\u00e9e b\u00e9n\u00e9ficie de transports de substitution.\n\nEt pour la suite :\n\nhttps:\/\/www.ter.sncf.com\/auvergne-rhone-alpes\/se-deplacer\/fiches-horaires<p>&nbsp;<\/p>\n\n\t<figure class=\"wp-block-gallery columns-1 is-cropped wp-block-gallery-1 is-layout-flex wp-block-gallery-is-layout-flex\">\n\t\t<ul class=\"blocks-gallery-grid\">\n\t\t\t<li class=\"blocks-gallery-item\">\n\t\t\t\t<figure>\n\t\t\t\t\t\t\t\t\t\t\t<img loading=\"lazy\" decoding=\"async\" width=\"749\" height=\"630\" src=\"http:\/\/5.45.101.177\/haut-allier\/usagers-transportse\/wp-content\/uploads\/2026\/07\/logo-usagers-eboule.jpg\"\n\t\t\t\t\t\t alt=\"logo-usagers-eboule.jpg\"\n\t\t\t\t\t\t data-id=\"5949\"\n\t\t\t\t\t\t data-full-url=\"http:\/\/5.45.101.177\/haut-allier\/usagers-transportse\/wp-content\/uploads\/2026\/07\/logo-usagers-eboule.jpg\"\n\t\t\t\t\t\t data-link=\"http:\/\/5.45.101.177\/haut-allier\/usagers-transportse\/attachment-logo-usagers-eboule-jpg\/\"\n\t\t\t\t\t\t class=\"wp-image-5949\" srcset=\"https:\/\/usagers-transports.haut-allier.eu\/wp-content\/uploads\/2026\/07\/logo-usagers-eboule.jpg 749w, https:\/\/usagers-transports.haut-allier.eu\/wp-content\/uploads\/2026\/07\/logo-usagers-eboule-300x252.jpg 300w\" sizes=\"auto, (max-width: 749px) 100vw, 749px\" \/>\n\t\t\t\t<\/figure>\n\t\t\t<\/li>\n\t\t<\/ul>\n\t<\/figure>\n","protected":false},"excerpt":{"rendered":"<p>Pour les gares \u00ab\u00a0orphelines\u00a0\u00bb de transports de substitution dans les gorges de l&rsquo;Allier, pour les gares de Chapeauroux,<\/p>\n","protected":false},"author":2,"featured_media":5947,"comment_status":"open","ping_status":"open","sticky":false,"template":"","format":"standard","meta":{"footnotes":""},"categories":[3],"tags":[],"class_list":["post-1293","post","type-post","status-publish","format-standard","has-post-thumbnail","hentry","category-en-train"],"_links":{"self":[{"href":"https:\/\/usagers-transports.haut-allier.eu\/index.php\/wp-json\/wp\/v2\/posts\/1293","targetHints":{"allow":["GET"]}}],"collection":[{"href":"https:\/\/usagers-transports.haut-allier.eu\/index.php\/wp-json\/wp\/v2\/posts"}],"about":[{"href":"https:\/\/usagers-transports.haut-allier.eu\/index.php\/wp-json\/wp\/v2\/types\/post"}],"author":[{"embeddable":true,"href":"https:\/\/usagers-transports.haut-allier.eu\/index.php\/wp-json\/wp\/v2\/users\/2"}],"replies":[{"embeddable":true,"href":"https:\/\/usagers-transports.haut-allier.eu\/index.php\/wp-json\/wp\/v2\/comments?post=1293"}],"version-history":[{"count":1,"href":"https:\/\/usagers-transports.haut-allier.eu\/index.php\/wp-json\/wp\/v2\/posts\/1293\/revisions"}],"predecessor-version":[{"id":5950,"href":"https:\/\/usagers-transports.haut-allier.eu\/index.php\/wp-json\/wp\/v2\/posts\/1293\/revisions\/5950"}],"wp:featuredmedia":[{"embeddable":true,"href":"https:\/\/usagers-transports.haut-allier.eu\/index.php\/wp-json\/wp\/v2\/media\/5947"}],"wp:attachment":[{"href":"https:\/\/usagers-transports.haut-allier.eu\/index.php\/wp-json\/wp\/v2\/media?parent=1293"}],"wp:term":[{"taxonomy":"category","embeddable":true,"href":"https:\/\/usagers-transports.haut-allier.eu\/index.php\/wp-json\/wp\/v2\/categories?post=1293"},{"taxonomy":"post_tag","embeddable":true,"href":"https:\/\/usagers-transports.haut-allier.eu\/index.php\/wp-json\/wp\/v2\/tags?post=1293"}],"curies":[{"name":"wp","href":"https:\/\/api.w.org\/{rel}","templated":true}]}}