{"id":1294,"date":"2026-08-03T18:44:27","date_gmt":"2026-08-03T16:44:27","guid":{"rendered":"http:\/\/5.45.101.177\/haut-allier\/usagers-transportse\/index.php\/2026\/08\/03\/l-avenir-de-la-ligne-des-cevennes1294\/"},"modified":"2026-09-01T16:13:28","modified_gmt":"2026-09-01T14:13:28","slug":"l-avenir-de-la-ligne-des-cevennes1294","status":"publish","type":"post","link":"https:\/\/usagers-transports.haut-allier.eu\/index.php\/2026\/08\/03\/l-avenir-de-la-ligne-des-cevennes1294\/","title":{"rendered":"L&rsquo;avenir de la ligne des C\u00e9vennes est-il compromis par la liquidation de Fibre Excellence \u00e0 Tarascon ?"},"content":{"rendered":"Le tribunal de commerce de Toulouse a prononc\u00e9 la liquidation judiciaire de l&rsquo;usine de p\u00e2te \u00e0 papier Fibre Excellence Provence \u00e0 Tarascon. Cette d\u00e9cision marque l&rsquo;arr\u00eat d\u00e9finitif d&rsquo;un site industriel historique et laisse 270 salari\u00e9s directs sans repreneur.\n\n[blanc][fond rouge]Un naufrage industriel[\/fond rouge][\/blanc]\n\n&#8211; Abandon de l&rsquo;actionnaire : Le milliardaire indon\u00e9sien Jackson Wijaya, propri\u00e9taire du groupe, a cess\u00e9 tout soutien financier au printemps en raison d&rsquo;un manque criant de rentabilit\u00e9.\n\n&#8211; Rejet de l&rsquo;offre de reprise : L&rsquo;unique projet de sauvetage port\u00e9 par le financier Matthieu Pigasse (Combat Holding) a \u00e9t\u00e9 retoqu\u00e9 par la justice en raison de garanties publiques jug\u00e9es insuffisantes.\n\n&#8211; Dettes colossales : Le tribunal a jug\u00e9 la situation \u00ab irr\u00e9m\u00e9diablement compromise \u00bb face \u00e0 un passif financier atteignant pr\u00e8s de 105 millions d&rsquo;euros.\n\n<img loading=\"lazy\" decoding=\"async\" class=\" aligncenter size-full wp-image-5951\" src=\"http:\/\/5.45.101.177\/haut-allier\/usagers-transportse\/wp-content\/uploads\/2026\/08\/imagefe.jpg\" alt=\"imagefe.jpg\" align=\"center\" width=\"885\" height=\"500\" srcset=\"https:\/\/usagers-transports.haut-allier.eu\/wp-content\/uploads\/2026\/08\/imagefe.jpg 885w, https:\/\/usagers-transports.haut-allier.eu\/wp-content\/uploads\/2026\/08\/imagefe-300x169.jpg 300w, https:\/\/usagers-transports.haut-allier.eu\/wp-content\/uploads\/2026\/08\/imagefe-768x434.jpg 768w\" sizes=\"auto, (max-width: 885px) 100vw, 885px\" \/>\n\n[fond rouge][blanc]L&rsquo;impact socio-\u00e9conomique et territorial[\/blanc][\/fond rouge]\n\nL&rsquo;usine de Tarascon, implant\u00e9e depuis 1951 au bord du Rh\u00f4ne, repr\u00e9sentait un maillon \u00e9conomique crucial pour la r\u00e9gion :\n\n&#8211; Menace sur l&#8217;emploi : Au-del\u00e0 des 270 licenciements directs, le site faisait travailler plus de 5 000 emplois indirects dans toute la fili\u00e8re bois locale (b\u00fbcherons, transporteurs, sous-traitants).\n\n&#8211; Menace sur la ligne des C\u00e9vennes : plusieurs fois par mois le train grumier qui transportait la mati\u00e8re premi\u00e8re, le bois, \u00e0 Tarascon assurait la liaison entre Langeac et Tarascon sur Rh\u00f4ne pour nourir l&rsquo;usine. On sait parfaitement depuis le d\u00e9but du chemin de fer que l&rsquo;axe est maintenu surtout pour le fret. L&rsquo;activit\u00e9 li\u00e9e aux trains voyageurs a longtemps \u00e9t\u00e9 \u00ab\u00a0secondaire\u00a0\u00bb. Cel\u00e0 \u00e9tait vrai en tous cas le premier si\u00e8cle de son \u00e8re, \u00e7a l&rsquo;est un peu moins aujourd&rsquo;hui. \n\n&#8211; Col\u00e8re des salari\u00e9s : Les employ\u00e9s d\u00e9noncent une \u00ab trahison \u00bb. R\u00e9unis sous la banni\u00e8re de la CGT, ils organisent d&rsquo;importants blocages routiers \u00e0 Tarascon pour exiger l&rsquo;intervention des pouvoirs publics et prot\u00e9ger leur outil de travail.\n\n[fond rouge][blanc]Un passif environnemental lourd[\/blanc][\/fond rouge]\n\nSurnomm\u00e9 localement \u00ab l&rsquo;usine qui pue \u00bb en raison de ses fortes \u00e9manations d&rsquo;hydrog\u00e8ne sulfur\u00e9, le site Seveso accumulait des non-conformit\u00e9s environnementales r\u00e9p\u00e9t\u00e9es, ce qui rend les co\u00fbts de d\u00e9pollution futurs prohibitifs (estim\u00e9s \u00e0 plusieurs dizaines de millions d&rsquo;euros).\n\n[fond rouge][blanc]La survie de la ligne fragilis\u00e9e[\/blanc][\/fond rouge]\n\nLa liquidation judiciaire de l&rsquo;usine Fibre Excellence Provence \u00e0 Tarascon scelle la disparition d\u00e9finitive du train de fret de bois Langeac &#8211; Tarascon, ce qui fragilise grandement la survie \u00e9conomique de la ligne des C\u00e9vennes (N\u00eemes \u2013 Clermont-Ferrand).\n\nCe convoi de marchandises ne repr\u00e9sentait pas seulement un contrat industriel, il \u00e9tait le principal pilier \u00e9conomique et technique justifiant le maintien de cette infrastructure ferroviaire historique.\n\n<em>Le train de grumes gare de Langeac<\/em>\n<img loading=\"lazy\" decoding=\"async\" class=\" aligncenter size-full wp-image-5952\" src=\"http:\/\/5.45.101.177\/haut-allier\/usagers-transportse\/wp-content\/uploads\/2026\/08\/grumier00.jpg\" alt=\"grumier00.jpg\" align=\"center\" width=\"931\" height=\"625\" srcset=\"https:\/\/usagers-transports.haut-allier.eu\/wp-content\/uploads\/2026\/08\/grumier00.jpg 931w, https:\/\/usagers-transports.haut-allier.eu\/wp-content\/uploads\/2026\/08\/grumier00-300x201.jpg 300w, https:\/\/usagers-transports.haut-allier.eu\/wp-content\/uploads\/2026\/08\/grumier00-768x516.jpg 768w\" sizes=\"auto, (max-width: 931px) 100vw, 931px\" \/>\n<img loading=\"lazy\" decoding=\"async\" class=\" aligncenter size-full wp-image-5953\" src=\"http:\/\/5.45.101.177\/haut-allier\/usagers-transportse\/wp-content\/uploads\/2026\/08\/grumier01.jpg\" alt=\"grumier01.jpg\" align=\"center\" width=\"876\" height=\"528\" srcset=\"https:\/\/usagers-transports.haut-allier.eu\/wp-content\/uploads\/2026\/08\/grumier01.jpg 876w, https:\/\/usagers-transports.haut-allier.eu\/wp-content\/uploads\/2026\/08\/grumier01-300x181.jpg 300w, https:\/\/usagers-transports.haut-allier.eu\/wp-content\/uploads\/2026\/08\/grumier01-768x463.jpg 768w\" sizes=\"auto, (max-width: 876px) 100vw, 876px\" \/>\n\n&#8211; [bleu]La perte de l&rsquo;unique client fret r\u00e9gulier de la ligne[\/bleu]\n\nLe poumon \u00e9conomique de la voie : Le train de grumes et de rondins (affr\u00e9t\u00e9 historiquement par Fret SNCF puis des op\u00e9rateurs comme Cap Train) \u00e9tait le dernier trafic de fret r\u00e9gulier et massif \u00e0 emprunter la voie unique et sinueuse des Gorges de l&rsquo;Allier.\n\nPerte de redevances : Sa suppression prive SNCF R\u00e9seau de p\u00e9ages ferroviaires indispensables. Sans ces recettes de marchandises, l&rsquo;\u00e9quilibre financier de la section centrale entre Langeac (Haute-Loire) et Langogne (Loz\u00e8re) s&rsquo;effondre.\n\n&#8211; [bleu]Le risque d&rsquo;un argument politique pour la fermeture[\/bleu]\n\nLa menace du \u00ab\u00a0tout-voyageurs\u00a0\u00bb : Maintenir des centaines de kilom\u00e8tres de rails \u00e0 travers le Massif Central uniquement pour quelques circulations quotidiennes de trains r\u00e9gionaux (TER liO Occitanie \/ Auvergne-Rh\u00f4ne-Alpes) peut \u00eatre consid\u00e9r\u00e9 revenir cher \u00e0 la collectivit\u00e9.\n\nLe spectre de la rentabilit\u00e9 : Sans le fret de Fibre Excellence, les quelques d\u00e9tracteurs de la ligne du train C\u00e9venol disposent d&rsquo;un argument comptable pour contester les subventions d&rsquo;\u00e9quilibre, ouvrant la voie \u00e0 une fermeture des sections les moins fr\u00e9quent\u00e9es au profit de liaisons par autocars.\n\n&#8211; [bleu]L&rsquo;explosion du co\u00fbt de maintenance des infrastructures[\/bleu]\n\nUne ligne aux conditions extr\u00eames : Traversant des reliefs difficiles, la ligne souffre r\u00e9guli\u00e8rement d&rsquo;\u00e9boulements ou de coul\u00e9es de boues (comme \u00e0 Saint-Bonnet-Laval) et exige des chantiers de consolidation importants (parois instables, ballastage, grillage).\n\nLe d\u00e9sengagement de l&rsquo;\u00c9tat : Les investissements r\u00e9cents de maintenance en l&rsquo;\u00e9tat des voies sur la section critique de 66,5 km entre Langeac et Langogne \u00e9taient politiquement justifi\u00e9s par la double utilit\u00e9 fret et voyageurs. La fin du fret complique le financement des futurs plans de modernisation par l&rsquo;\u00c9tat et les R\u00e9gions.\n\n&#8211; [bleu]Un impact en cascade sur la fili\u00e8re bois locale[\/bleu]\n\nL&rsquo;enclave foresti\u00e8re de Langeac : La gare de Langeac perd son statut de n\u0153ud logistique majeur pour l&rsquo;exp\u00e9dition de bois de trituration vers le Sud.\n\nLe report massif sur route : La fin de ce service va rejeter des milliers de camions par an sur le r\u00e9seau routier secondaire de la Haute-Loire, de la Loz\u00e8re et du Gard, saturant des axes d\u00e9j\u00e0 fragiles, et d\u00e9gradant le bilan carbone du territoire.\n\n[fond rouge][blanc]Une nouvelle catastrophe industrielle pour le Massif Central[\/blanc][\/fond rouge]\n\nEn r\u00e9sum\u00e9, si la ligne des C\u00e9vennes survit aujourd&rsquo;hui gr\u00e2ce \u00e0 la d\u00e9cision politique de d\u00e9senclavement des territoires, la perte du trafic de Fibre Excellence la prive de sa seule justification industrielle, la gardant dangereusement dans le statut de \u00ab\u00a0ligne de desserte fine\u00a0\u00bb hautement vuln\u00e9rable aux coupes budg\u00e9taires.\n\nLa disparition du train de bois Langeac &#8211; Tarascon (historiquement g\u00e9r\u00e9 par la SOFOEST et tract\u00e9 par l&rsquo;op\u00e9rateur Captrain) repr\u00e9sente une catastrophe industrielle et logistique pour le Massif Central\n\n&#8211; [bleu]Le volume de tonnage et le report massif sur route[\/bleu]\n\nLe train complet de grumes qui reliait la plateforme foresti\u00e8re de Langeac (Haute-Loire) \u00e0 l&rsquo;usine de Tarascon (Bouches-du-Rh\u00f4ne) via la ligne des C\u00e9vennes transportait une charge consid\u00e9rable : \n\nUn tonnage hebdomadaire massif : Un train complet de fret de ce type transporte en moyenne 800 \u00e0 1 000 tonnes de bois de trituration par rotation.\n\nL&rsquo;\u00e9quivalent en camions : Un grumier (camion de transport de bois) circulant sur les routes sinueuses de moyenne montagne est limit\u00e9 \u00e0 une charge utile d&rsquo;environ 20 \u00e0 25 tonnes de marchandises nettes. Un seul voyage de ce train retirait donc instantan\u00e9ment entre 40 et 50 camions de la circulation.\n\nLe bilan annuel : Sur un rythme r\u00e9gulier, l&rsquo;arr\u00eat complet de ce flux ferroviaire va rejeter des milliers de camions suppl\u00e9mentaires par an sur les axes routiers de la Haute-Loire, de la Loz\u00e8re (via la RN88, RN102 et RN106) et du Gard. Ce report surcharge des infrastructures routi\u00e8res d\u00e9j\u00e0 satur\u00e9es, acc\u00e9l\u00e8re leur d\u00e9gradation et d\u00e9t\u00e9riore lourdement le bilan carbone de la fili\u00e8re bois locale.\n\n&#8211; [bleu]Et le Collectif des usagers des transports du Haut-Allier dans tout \u00e7a ? Nos actions[\/bleu]\n\nFace aux suspensions r\u00e9guli\u00e8res et d\u00e9sormais \u00e0 la disparition du fret, le Collectif des Usagers des Transports du Haut-Allier m\u00e8ne un combat permanent pour emp\u00eacher la mort de la ligne des C\u00e9vennes :\n\nD\u00e9nonciation de la \u00ab\u00a0politique des travaux\u00a0\u00bb : Nous fustigeons depuis des ann\u00e9es la m\u00e9thode de SNCF R\u00e9seau, qui consiste \u00e0 fermer totalement la ligne pendant 3 mois chaque ann\u00e9e pour travaux. Le collectif a d\u00e9montr\u00e9 que ces fermetures \u00e0 r\u00e9p\u00e9tition asphyxiaient d\u00e9lib\u00e9r\u00e9ment le fret en obligeant des chargeurs comme Fibre Excellence \u00e0 doubler leur distance de transport en passant par Lyon, ou \u00e0 basculer d\u00e9finitivement sur les camions.\n\nP\u00e9titions et lobbying politique : Le collectif multiplie les mobilisations aupr\u00e8s des ex\u00e9cutifs des R\u00e9gions Auvergne-Rh\u00f4ne-Alpes et Occitanie. Elle exige que le statut de la section centrale (Langeac &#8211; Langogne) ne soit pas d\u00e9grad\u00e9 en \u00ab\u00a0ligne de desserte fine\u00a0\u00bb exclusivement financ\u00e9e par les collectivit\u00e9s locales, mais reste une ligne d&rsquo;int\u00e9r\u00eat national cofinanc\u00e9e par l&rsquo;\u00c9tat.\n\nAlertes sur la d\u00e9gradation du service aux voyageurs : nous documentons quotidiennement sur cette plateforme web les pannes mat\u00e9rielles r\u00e9p\u00e9t\u00e9es, les retards et les annulations injustifi\u00e9es (notamment en p\u00e9riode estivale). Pour nous, supprimer le fret est la premi\u00e8re \u00e9tape d&rsquo;un plan d\u00e9guis\u00e9 visant \u00e0 justifier la fermeture totale de la ligne au profit d&rsquo;autocars.\n\nOrganisation de colloques et d&rsquo;alternatives : Le collectif s&rsquo;associe activement \u00e0 des structures nationales comme Destination Trains de nuit (notamment lors du prochain colloque le 28 ao\u00fbt \u00e0 Clermont-Ferrand) pour promouvoir le d\u00e9senclavement du Massif Central par le rail, prouvant que la ligne a un avenir si la volont\u00e9 politique et les investissements de r\u00e9g\u00e9n\u00e9ration sont au rendez-vous.\n\n<em>[Photos usine Tarascon : J\u00e9r\u00f4me REY \/ La Provence]<\/em><p>&nbsp;<\/p>\n\n\t<figure class=\"wp-block-gallery columns-1 is-cropped wp-block-gallery-1 is-layout-flex wp-block-gallery-is-layout-flex\">\n\t\t<ul class=\"blocks-gallery-grid\">\n\t\t\t<li class=\"blocks-gallery-item\">\n\t\t\t\t<figure>\n\t\t\t\t\t\t\t\t\t\t\t<img loading=\"lazy\" decoding=\"async\" width=\"885\" height=\"500\" src=\"http:\/\/5.45.101.177\/haut-allier\/usagers-transportse\/wp-content\/uploads\/2026\/08\/imagefe.jpg\"\n\t\t\t\t\t\t alt=\"imagefe.jpg\"\n\t\t\t\t\t\t data-id=\"5951\"\n\t\t\t\t\t\t data-full-url=\"http:\/\/5.45.101.177\/haut-allier\/usagers-transportse\/wp-content\/uploads\/2026\/08\/imagefe.jpg\"\n\t\t\t\t\t\t data-link=\"http:\/\/5.45.101.177\/haut-allier\/usagers-transportse\/index.php\/2026\/08\/03\/l-avenir-de-la-ligne-des-cevennes1294\/attachment-imagefe-jpg\/\"\n\t\t\t\t\t\t class=\"wp-image-5951\" srcset=\"https:\/\/usagers-transports.haut-allier.eu\/wp-content\/uploads\/2026\/08\/imagefe.jpg 885w, https:\/\/usagers-transports.haut-allier.eu\/wp-content\/uploads\/2026\/08\/imagefe-300x169.jpg 300w, https:\/\/usagers-transports.haut-allier.eu\/wp-content\/uploads\/2026\/08\/imagefe-768x434.jpg 768w\" sizes=\"auto, (max-width: 885px) 100vw, 885px\" \/>\n\t\t\t\t<\/figure>\n\t\t\t<\/li>\n\t\t<\/ul>\n\t<\/figure>\n","protected":false},"excerpt":{"rendered":"<p>Le tribunal de commerce de Toulouse a prononc\u00e9 la liquidation judiciaire de l&rsquo;usine de p\u00e2te \u00e0 papier Fibre<\/p>\n","protected":false},"author":2,"featured_media":5951,"comment_status":"open","ping_status":"open","sticky":false,"template":"","format":"standard","meta":{"footnotes":""},"categories":[3],"tags":[],"class_list":["post-1294","post","type-post","status-publish","format-standard","has-post-thumbnail","hentry","category-en-train"],"_links":{"self":[{"href":"https:\/\/usagers-transports.haut-allier.eu\/index.php\/wp-json\/wp\/v2\/posts\/1294","targetHints":{"allow":["GET"]}}],"collection":[{"href":"https:\/\/usagers-transports.haut-allier.eu\/index.php\/wp-json\/wp\/v2\/posts"}],"about":[{"href":"https:\/\/usagers-transports.haut-allier.eu\/index.php\/wp-json\/wp\/v2\/types\/post"}],"author":[{"embeddable":true,"href":"https:\/\/usagers-transports.haut-allier.eu\/index.php\/wp-json\/wp\/v2\/users\/2"}],"replies":[{"embeddable":true,"href":"https:\/\/usagers-transports.haut-allier.eu\/index.php\/wp-json\/wp\/v2\/comments?post=1294"}],"version-history":[{"count":1,"href":"https:\/\/usagers-transports.haut-allier.eu\/index.php\/wp-json\/wp\/v2\/posts\/1294\/revisions"}],"predecessor-version":[{"id":5954,"href":"https:\/\/usagers-transports.haut-allier.eu\/index.php\/wp-json\/wp\/v2\/posts\/1294\/revisions\/5954"}],"wp:featuredmedia":[{"embeddable":true,"href":"https:\/\/usagers-transports.haut-allier.eu\/index.php\/wp-json\/wp\/v2\/media\/5951"}],"wp:attachment":[{"href":"https:\/\/usagers-transports.haut-allier.eu\/index.php\/wp-json\/wp\/v2\/media?parent=1294"}],"wp:term":[{"taxonomy":"category","embeddable":true,"href":"https:\/\/usagers-transports.haut-allier.eu\/index.php\/wp-json\/wp\/v2\/categories?post=1294"},{"taxonomy":"post_tag","embeddable":true,"href":"https:\/\/usagers-transports.haut-allier.eu\/index.php\/wp-json\/wp\/v2\/tags?post=1294"}],"curies":[{"name":"wp","href":"https:\/\/api.w.org\/{rel}","templated":true}]}}