{"id":1295,"date":"2026-08-14T10:16:25","date_gmt":"2026-08-14T08:16:25","guid":{"rendered":"http:\/\/5.45.101.177\/haut-allier\/usagers-transportse\/index.php\/2026\/08\/14\/ligne-des-cevennes-reprise-des1295\/"},"modified":"2026-09-01T16:13:31","modified_gmt":"2026-09-01T14:13:31","slug":"ligne-des-cevennes-reprise-des1295","status":"publish","type":"post","link":"https:\/\/usagers-transports.haut-allier.eu\/index.php\/2026\/08\/14\/ligne-des-cevennes-reprise-des1295\/","title":{"rendered":"Ligne des C\u00e9vennes : reprise des circulations confirm\u00e9e ce vendredi 14 ao\u00fbt"},"content":{"rendered":"Fini la gal\u00e8re des bus de substitution en retard (voir l&rsquo;article de Midi Libre en bas d&rsquo;article) les trains TER reprennent leur trajet Clermont-Ferrand N\u00eemes Centre d\u00e8s ce vendredi, t\u00e9moin le passage \u00e0 l&rsquo;heure du premier TER Auvergne Rh\u00f4ne Alpes 873991 arrivant de la capitale auvergnate en gare d&rsquo;Alleyras (Haute Loire) ce matin \u00e0 8h53.\n\nUn train qui se sera fait appel\u00e9 D\u00e9sir en pleine saison. D&rsquo;ailleurs pas moins de 30 voyageurs montait ce matin dans cette gare en direction de N\u00eemes.\n\n<a href=\"http:\/\/5.45.101.177\/haut-allier\/usagers-transportse\/wp-content\/uploads\/2026\/08\/vid_20260814_085131_1200.mp4\">vid_20260814_085131_1200.mp4<\/a>\n\nL&rsquo;article de Midi Libre relatait il y a quelques jours les difficult\u00e9s pour les cars de substitution de respecter leurs horaires :\n\nhttps:\/\/www.midilibre.fr\/2026\/08\/13\/travaux-sur-la-ligne-du-cevenol-la-reouverture-de-la-ligne-est-prevue-ce-vendredi-13507627.php\n\n<img loading=\"lazy\" decoding=\"async\" class=\" aligncenter size-full wp-image-5956\" src=\"http:\/\/5.45.101.177\/haut-allier\/usagers-transportse\/wp-content\/uploads\/2026\/08\/8c193393-b94c-4436-907c-3fd17ec2ec4a-scaled.jpg\" alt=\"8c193393-b94c-4436-907c-3fd17ec2ec4a.jpg\" align=\"center\" width=\"655\" height=\"2560\" srcset=\"https:\/\/usagers-transports.haut-allier.eu\/wp-content\/uploads\/2026\/08\/8c193393-b94c-4436-907c-3fd17ec2ec4a-scaled.jpg 655w, https:\/\/usagers-transports.haut-allier.eu\/wp-content\/uploads\/2026\/08\/8c193393-b94c-4436-907c-3fd17ec2ec4a-77x300.jpg 77w, https:\/\/usagers-transports.haut-allier.eu\/wp-content\/uploads\/2026\/08\/8c193393-b94c-4436-907c-3fd17ec2ec4a-262x1024.jpg 262w, https:\/\/usagers-transports.haut-allier.eu\/wp-content\/uploads\/2026\/08\/8c193393-b94c-4436-907c-3fd17ec2ec4a-768x3001.jpg 768w, https:\/\/usagers-transports.haut-allier.eu\/wp-content\/uploads\/2026\/08\/8c193393-b94c-4436-907c-3fd17ec2ec4a-393x1536.jpg 393w, https:\/\/usagers-transports.haut-allier.eu\/wp-content\/uploads\/2026\/08\/8c193393-b94c-4436-907c-3fd17ec2ec4a-524x2048.jpg 524w\" sizes=\"auto, (max-width: 655px) 100vw, 655px\" \/>\n\n[fond rouge][blanc]Dans la presse :[\/blanc][\/fond rouge]\n\n&#8211; France 3 le 14 ao\u00fbt :\n\nhttps:\/\/france3-regions.franceinfo.fr\/occitanie\/lozere\/mende\/apres-plusieurs-semaines-sans-train-suite-a-des-coulees-de-boue-la-ligne-ter-du-cevenol-relie-de-nouveau-nimes-a-clermont-ferrand-3401344.html\n\n<img loading=\"lazy\" decoding=\"async\" class=\" aligncenter size-full wp-image-5957\" src=\"http:\/\/5.45.101.177\/haut-allier\/usagers-transportse\/wp-content\/uploads\/2026\/08\/d35284a8-8918-4edf-8f9a-f104bde6ce36-scaled.jpg\" alt=\"d35284a8-8918-4edf-8f9a-f104bde6ce36.jpg\" align=\"center\" width=\"608\" height=\"2560\" srcset=\"https:\/\/usagers-transports.haut-allier.eu\/wp-content\/uploads\/2026\/08\/d35284a8-8918-4edf-8f9a-f104bde6ce36-scaled.jpg 608w, https:\/\/usagers-transports.haut-allier.eu\/wp-content\/uploads\/2026\/08\/d35284a8-8918-4edf-8f9a-f104bde6ce36-71x300.jpg 71w, https:\/\/usagers-transports.haut-allier.eu\/wp-content\/uploads\/2026\/08\/d35284a8-8918-4edf-8f9a-f104bde6ce36-243x1024.jpg 243w, https:\/\/usagers-transports.haut-allier.eu\/wp-content\/uploads\/2026\/08\/d35284a8-8918-4edf-8f9a-f104bde6ce36-768x3234.jpg 768w, https:\/\/usagers-transports.haut-allier.eu\/wp-content\/uploads\/2026\/08\/d35284a8-8918-4edf-8f9a-f104bde6ce36-365x1536.jpg 365w\" sizes=\"auto, (max-width: 608px) 100vw, 608px\" \/>\n\n<p>&nbsp;<\/p>\n\n\t<figure class=\"wp-block-gallery columns-1 is-cropped wp-block-gallery-1 is-layout-flex wp-block-gallery-is-layout-flex\">\n\t\t<ul class=\"blocks-gallery-grid\">\n\t\t\t<li class=\"blocks-gallery-item\">\n\t\t\t\t<figure>\n\t\t\t\t\t\t\t\t\t\t\t<img loading=\"lazy\" decoding=\"async\" width=\"1370\" height=\"850\" src=\"http:\/\/5.45.101.177\/haut-allier\/usagers-transportse\/wp-content\/uploads\/2026\/08\/14aout2026-leterarrivegaredalleyras.jpg\"\n\t\t\t\t\t\t alt=\"14aout2026-leterarrivegaredalleyras.jpg\"\n\t\t\t\t\t\t data-id=\"5958\"\n\t\t\t\t\t\t data-full-url=\"http:\/\/5.45.101.177\/haut-allier\/usagers-transportse\/wp-content\/uploads\/2026\/08\/14aout2026-leterarrivegaredalleyras.jpg\"\n\t\t\t\t\t\t data-link=\"http:\/\/5.45.101.177\/haut-allier\/usagers-transportse\/attachment-14aout2026-leterarrivegaredalleyras-jpg\/\"\n\t\t\t\t\t\t class=\"wp-image-5958\" srcset=\"https:\/\/usagers-transports.haut-allier.eu\/wp-content\/uploads\/2026\/08\/14aout2026-leterarrivegaredalleyras.jpg 1370w, https:\/\/usagers-transports.haut-allier.eu\/wp-content\/uploads\/2026\/08\/14aout2026-leterarrivegaredalleyras-300x186.jpg 300w, https:\/\/usagers-transports.haut-allier.eu\/wp-content\/uploads\/2026\/08\/14aout2026-leterarrivegaredalleyras-1024x635.jpg 1024w, https:\/\/usagers-transports.haut-allier.eu\/wp-content\/uploads\/2026\/08\/14aout2026-leterarrivegaredalleyras-768x476.jpg 768w\" sizes=\"auto, (max-width: 1370px) 100vw, 1370px\" \/>\n\t\t\t\t<\/figure>\n\t\t\t<\/li>\n\t\t<\/ul>\n\t<\/figure>\n","protected":false},"excerpt":{"rendered":"<p>Fini la gal\u00e8re des bus de substitution en retard (voir l&rsquo;article de Midi Libre en bas d&rsquo;article) les<\/p>\n","protected":false},"author":2,"featured_media":5958,"comment_status":"closed","ping_status":"open","sticky":false,"template":"","format":"standard","meta":{"footnotes":""},"categories":[3],"tags":[],"class_list":["post-1295","post","type-post","status-publish","format-standard","has-post-thumbnail","hentry","category-en-train"],"_links":{"self":[{"href":"https:\/\/usagers-transports.haut-allier.eu\/index.php\/wp-json\/wp\/v2\/posts\/1295","targetHints":{"allow":["GET"]}}],"collection":[{"href":"https:\/\/usagers-transports.haut-allier.eu\/index.php\/wp-json\/wp\/v2\/posts"}],"about":[{"href":"https:\/\/usagers-transports.haut-allier.eu\/index.php\/wp-json\/wp\/v2\/types\/post"}],"author":[{"embeddable":true,"href":"https:\/\/usagers-transports.haut-allier.eu\/index.php\/wp-json\/wp\/v2\/users\/2"}],"replies":[{"embeddable":true,"href":"https:\/\/usagers-transports.haut-allier.eu\/index.php\/wp-json\/wp\/v2\/comments?post=1295"}],"version-history":[{"count":1,"href":"https:\/\/usagers-transports.haut-allier.eu\/index.php\/wp-json\/wp\/v2\/posts\/1295\/revisions"}],"predecessor-version":[{"id":5959,"href":"https:\/\/usagers-transports.haut-allier.eu\/index.php\/wp-json\/wp\/v2\/posts\/1295\/revisions\/5959"}],"wp:featuredmedia":[{"embeddable":true,"href":"https:\/\/usagers-transports.haut-allier.eu\/index.php\/wp-json\/wp\/v2\/media\/5958"}],"wp:attachment":[{"href":"https:\/\/usagers-transports.haut-allier.eu\/index.php\/wp-json\/wp\/v2\/media?parent=1295"}],"wp:term":[{"taxonomy":"category","embeddable":true,"href":"https:\/\/usagers-transports.haut-allier.eu\/index.php\/wp-json\/wp\/v2\/categories?post=1295"},{"taxonomy":"post_tag","embeddable":true,"href":"https:\/\/usagers-transports.haut-allier.eu\/index.php\/wp-json\/wp\/v2\/tags?post=1295"}],"curies":[{"name":"wp","href":"https:\/\/api.w.org\/{rel}","templated":true}]}}