{"id":13,"date":"2010-04-12T08:37:00","date_gmt":"2010-04-12T06:37:00","guid":{"rendered":"http:\/\/5.45.101.177\/haut-allier\/usagers-transportse\/index.php\/2010\/04\/12\/de-la-desserte-en-bus013\/"},"modified":"2010-04-12T08:37:00","modified_gmt":"2010-04-12T06:37:00","slug":"de-la-desserte-en-bus013","status":"publish","type":"post","link":"https:\/\/usagers-transports.haut-allier.eu\/index.php\/2010\/04\/12\/de-la-desserte-en-bus013\/","title":{"rendered":"De la desserte en bus"},"content":{"rendered":"<p>Le curieux, ou le d\u00e9pourvu de v\u00e9hicule, ou simplement le pi\u00e9ton s&rsquo;approchera, tel le pantin cycliste de d\u00e9coration qu&rsquo;on a vu les beaux jours, de l&rsquo;arr\u00eat de bus au bourg ou \u00e0 Pont d&rsquo;Alleyras pour consulter les horaires de desserte vers le Puy. Puisque les horaires du train du soir \u00e0 20 h ne permettent pas de se d\u00e9placer normalement&#8230; et qu&rsquo;il faut donc trouver une autre solution par exemple en partant de la gare du Puy. Comment se rendre au Puy ? En bus bien s\u00fbr. R\u00e9sultat de la consultation des horaires sur le poteau : un seul bus le mercredi tous les 15 jours en p\u00e9riode scolaire ! De qui le conseil g\u00e9n\u00e9ral de Haute-Loire en charge des transports se moque-t-il ?<\/p>\n<p>&#8211; la <a href=\"http:\/\/www.cg43.fr\/sites\/cg43\/IMG\/pdf\/LIGNE103.pdf\">fiche horaire<\/a> sur le site du CG43.<\/p>\n","protected":false},"excerpt":{"rendered":"<p>Le curieux, ou le d\u00e9pourvu de v\u00e9hicule, ou simplement le pi\u00e9ton s&rsquo;approchera, tel le pantin cycliste de d\u00e9coration<\/p>\n","protected":false},"author":1,"featured_media":0,"comment_status":"closed","ping_status":"open","sticky":false,"template":"","format":"standard","meta":{"footnotes":""},"categories":[2],"tags":[],"class_list":["post-13","post","type-post","status-publish","format-standard","hentry","category-infos"],"_links":{"self":[{"href":"https:\/\/usagers-transports.haut-allier.eu\/index.php\/wp-json\/wp\/v2\/posts\/13","targetHints":{"allow":["GET"]}}],"collection":[{"href":"https:\/\/usagers-transports.haut-allier.eu\/index.php\/wp-json\/wp\/v2\/posts"}],"about":[{"href":"https:\/\/usagers-transports.haut-allier.eu\/index.php\/wp-json\/wp\/v2\/types\/post"}],"author":[{"embeddable":true,"href":"https:\/\/usagers-transports.haut-allier.eu\/index.php\/wp-json\/wp\/v2\/users\/1"}],"replies":[{"embeddable":true,"href":"https:\/\/usagers-transports.haut-allier.eu\/index.php\/wp-json\/wp\/v2\/comments?post=13"}],"version-history":[{"count":0,"href":"https:\/\/usagers-transports.haut-allier.eu\/index.php\/wp-json\/wp\/v2\/posts\/13\/revisions"}],"wp:attachment":[{"href":"https:\/\/usagers-transports.haut-allier.eu\/index.php\/wp-json\/wp\/v2\/media?parent=13"}],"wp:term":[{"taxonomy":"category","embeddable":true,"href":"https:\/\/usagers-transports.haut-allier.eu\/index.php\/wp-json\/wp\/v2\/categories?post=13"},{"taxonomy":"post_tag","embeddable":true,"href":"https:\/\/usagers-transports.haut-allier.eu\/index.php\/wp-json\/wp\/v2\/tags?post=13"}],"curies":[{"name":"wp","href":"https:\/\/api.w.org\/{rel}","templated":true}]}}