{"id":130,"date":"2014-05-05T06:38:45","date_gmt":"2014-05-05T04:38:45","guid":{"rendered":"http:\/\/5.45.101.177\/haut-allier\/usagers-transportse\/index.php\/2014\/05\/05\/nouveau-pretexte-de-fermeture-de130\/"},"modified":"2014-05-05T06:38:45","modified_gmt":"2014-05-05T04:38:45","slug":"nouveau-pretexte-de-fermeture-de130","status":"publish","type":"post","link":"https:\/\/usagers-transports.haut-allier.eu\/index.php\/2014\/05\/05\/nouveau-pretexte-de-fermeture-de130\/","title":{"rendered":"Nouveau pr\u00e9texte de fermeture de lignes SNCF dans le massif central : des travaux pr\u00e9vus et financ\u00e9s ne sont pas r\u00e9alis\u00e9s"},"content":{"rendered":"<p>Des dizaines de rails stock\u00e9s en gare de Laroquebrou, t\u00e9moignent de travaux non r\u00e9alis\u00e9s entre Aurillac et Brive, alors qu\u2019ils avaient \u00e9t\u00e9 sous-trait\u00e9s par RFF, dans le cadre du dernier plan Rail Etat \/ R\u00e9gion.<br \/>\n&nbsp;<br \/>\nLa SNCF est en train de rattraper elle-m\u00eame les travaux non effectu\u00e9s. Elle s&rsquo;est \u00e9galement retourn\u00e9 juridiquement contre la soci\u00e9t\u00e9 sous-traitante.<br \/>\n&nbsp;<br \/>\nL&rsquo;<a href=\"http:\/\/www.lamontagne.fr\/auvergne\/actualite\/departement\/cantal\/2012\/03\/21\/des-travaux-prevus-entre-aurillac-et-brive-nont-pas-ete-realises_1989276.html\">article complet<\/a> de la Montagne.<\/p>\n","protected":false},"excerpt":{"rendered":"<p>Des dizaines de rails stock\u00e9s en gare de Laroquebrou, t\u00e9moignent de travaux non r\u00e9alis\u00e9s entre Aurillac et Brive,<\/p>\n","protected":false},"author":1,"featured_media":0,"comment_status":"closed","ping_status":"open","sticky":false,"template":"","format":"standard","meta":{"footnotes":""},"categories":[3],"tags":[],"class_list":["post-130","post","type-post","status-publish","format-standard","hentry","category-en-train"],"_links":{"self":[{"href":"https:\/\/usagers-transports.haut-allier.eu\/index.php\/wp-json\/wp\/v2\/posts\/130","targetHints":{"allow":["GET"]}}],"collection":[{"href":"https:\/\/usagers-transports.haut-allier.eu\/index.php\/wp-json\/wp\/v2\/posts"}],"about":[{"href":"https:\/\/usagers-transports.haut-allier.eu\/index.php\/wp-json\/wp\/v2\/types\/post"}],"author":[{"embeddable":true,"href":"https:\/\/usagers-transports.haut-allier.eu\/index.php\/wp-json\/wp\/v2\/users\/1"}],"replies":[{"embeddable":true,"href":"https:\/\/usagers-transports.haut-allier.eu\/index.php\/wp-json\/wp\/v2\/comments?post=130"}],"version-history":[{"count":0,"href":"https:\/\/usagers-transports.haut-allier.eu\/index.php\/wp-json\/wp\/v2\/posts\/130\/revisions"}],"wp:attachment":[{"href":"https:\/\/usagers-transports.haut-allier.eu\/index.php\/wp-json\/wp\/v2\/media?parent=130"}],"wp:term":[{"taxonomy":"category","embeddable":true,"href":"https:\/\/usagers-transports.haut-allier.eu\/index.php\/wp-json\/wp\/v2\/categories?post=130"},{"taxonomy":"post_tag","embeddable":true,"href":"https:\/\/usagers-transports.haut-allier.eu\/index.php\/wp-json\/wp\/v2\/tags?post=130"}],"curies":[{"name":"wp","href":"https:\/\/api.w.org\/{rel}","templated":true}]}}