{"id":131,"date":"2014-05-05T11:11:36","date_gmt":"2014-05-05T09:11:36","guid":{"rendered":"http:\/\/5.45.101.177\/haut-allier\/usagers-transportse\/index.php\/2014\/05\/05\/la-saison-2014-du-train131\/"},"modified":"2014-05-05T11:11:36","modified_gmt":"2014-05-05T09:11:36","slug":"la-saison-2014-du-train131","status":"publish","type":"post","link":"https:\/\/usagers-transports.haut-allier.eu\/index.php\/2014\/05\/05\/la-saison-2014-du-train131\/","title":{"rendered":"La saison 2014 du train touristique des gorges de l&rsquo;Allier s&rsquo;\u00e9talera du 15\/05 au 25\/09"},"content":{"rendered":"<p>Il semble que malgr\u00e9 les difficult\u00e9s de financement des ann\u00e9es pr\u00e9c\u00e9dentes le train touristique des gorges de l&rsquo;Allier g\u00e9r\u00e9 par le SMAT du Haut-Allier se porte bien : un taux de remplissage tr\u00e8s \u00e9lev\u00e9, 360 passagers par train en moyenne pour 2013, et qui va <a href=\"http:\/\/alleyras.capitale.dulibre.net\/spip.php?breve42\">croissant<\/a>.<br \/>\n&nbsp;<br \/>\nLa fr\u00e9quentation du train par les groupes augmente aussi et on y a vu en 2013 pour la premi\u00e8re fois un groupe de japonais.<br \/>\n&nbsp;<br \/>\n<img decoding=\"async\" src=\"IMG\/jpg\/133826481683.jpg\" alt=\"133826481683.jpg\" align=\"center\" \/><\/p>\n<p><strong>Plusieurs formules sont propos\u00e9es aux touristes :<\/strong><br \/>\n&#8211; La grande Travers\u00e9e des Gorges de l&rsquo;Allier pour ceux qui veulent tout voir. Au d\u00e9part de Langeac et Langogne.<br \/>\n&#8211; Les balades d\u00e9couverte des Gorges de l&rsquo;Allier si vous partez des gares interm\u00e9diaire de Monistrol-d&rsquo;Allier ou Pont-d&rsquo;Alleyras. C&rsquo;est apparemment la formule qui s\u00e9duit le plus.<br \/>\n&#8211; Les villages volcaniques des Gorges de l&rsquo;Allier pour un petit tour dans les gorges au d\u00e9part de Langeac, terminus Monistrol-d&rsquo;Allier. Un choix qui est aussi souvent pr\u00e9f\u00e9r\u00e9.<br \/>\n&#8211; Le train gastronomique : une grande table vous attend au coeur des Gorges de l&rsquo;Allier, rejoignez-la en train touristique. Le repas gastronomique se prendra \u00e0 Pont d&rsquo;Alleyras, au restaurant du Haut-Allier. <\/p>\n<p>&nbsp;<br \/>\nLes retours peuvent s&rsquo;effectuer par les trains r\u00e9guliers de la ligne (4 arr\u00eats par jour \u00e0 Alleyras).<br \/>\n&nbsp;<br \/>\n<strong>Plus d&rsquo;informations sur le <a href=\"http:\/\/www.train-gorges-allier.com\/en-pratique\/\">site<\/a> du train.<\/strong><\/p>\n","protected":false},"excerpt":{"rendered":"<p>Il semble que malgr\u00e9 les difficult\u00e9s de financement des ann\u00e9es pr\u00e9c\u00e9dentes le train touristique des gorges de l&rsquo;Allier<\/p>\n","protected":false},"author":1,"featured_media":0,"comment_status":"closed","ping_status":"open","sticky":false,"template":"","format":"standard","meta":{"footnotes":""},"categories":[3],"tags":[],"class_list":["post-131","post","type-post","status-publish","format-standard","hentry","category-en-train"],"_links":{"self":[{"href":"https:\/\/usagers-transports.haut-allier.eu\/index.php\/wp-json\/wp\/v2\/posts\/131","targetHints":{"allow":["GET"]}}],"collection":[{"href":"https:\/\/usagers-transports.haut-allier.eu\/index.php\/wp-json\/wp\/v2\/posts"}],"about":[{"href":"https:\/\/usagers-transports.haut-allier.eu\/index.php\/wp-json\/wp\/v2\/types\/post"}],"author":[{"embeddable":true,"href":"https:\/\/usagers-transports.haut-allier.eu\/index.php\/wp-json\/wp\/v2\/users\/1"}],"replies":[{"embeddable":true,"href":"https:\/\/usagers-transports.haut-allier.eu\/index.php\/wp-json\/wp\/v2\/comments?post=131"}],"version-history":[{"count":0,"href":"https:\/\/usagers-transports.haut-allier.eu\/index.php\/wp-json\/wp\/v2\/posts\/131\/revisions"}],"wp:attachment":[{"href":"https:\/\/usagers-transports.haut-allier.eu\/index.php\/wp-json\/wp\/v2\/media?parent=131"}],"wp:term":[{"taxonomy":"category","embeddable":true,"href":"https:\/\/usagers-transports.haut-allier.eu\/index.php\/wp-json\/wp\/v2\/categories?post=131"},{"taxonomy":"post_tag","embeddable":true,"href":"https:\/\/usagers-transports.haut-allier.eu\/index.php\/wp-json\/wp\/v2\/tags?post=131"}],"curies":[{"name":"wp","href":"https:\/\/api.w.org\/{rel}","templated":true}]}}