{"id":133,"date":"2014-05-13T13:23:05","date_gmt":"2014-05-13T11:23:05","guid":{"rendered":"http:\/\/5.45.101.177\/haut-allier\/usagers-transportse\/index.php\/2014\/05\/13\/sabotage-du-train-cevenol-par-la133\/"},"modified":"2014-05-13T13:23:05","modified_gmt":"2014-05-13T11:23:05","slug":"sabotage-du-train-cevenol-par-la133","status":"publish","type":"post","link":"https:\/\/usagers-transports.haut-allier.eu\/index.php\/2014\/05\/13\/sabotage-du-train-cevenol-par-la133\/","title":{"rendered":"Sabotage du train C\u00e9venol par la SNCF : 2h de retard le 11 mai pour faute de gestion"},"content":{"rendered":"<p><strong>Ca continue.<\/strong><br \/>\n&nbsp;<br \/>\nCe dimanche 11 mai, jour de retour des vacanciers, les voyageurs \u00e0 bord du seul Intercit\u00e9s Clermont Ferrand &#8211; N\u00eemes via la ligne des C\u00e9vennes ont du attendre 2 heures en gare de Labastide Saint-Laurent les Bains que leur contr\u00f4leur, indispensable \u00e0 bord du train, arrive de Montpellier. Il n&rsquo;avait ni \u00e9t\u00e9 pr\u00e9vu par la SNCF direction Auvergne ni par la SNCF direction Languedoc Roussillon. 60 personnes qui ont rat\u00e9 leurs correspondances ont poursuivi en taxis et en bus depuis Al\u00e8s.<br \/>\n&nbsp;<br \/>\n<strong>Incapables.<\/strong><br \/>\n&nbsp;<br \/>\nPreuve du manque de volont\u00e9, du d\u00e9laissement de la SNCF pour cette ligne, et du manque de dialogue interne entre r\u00e9gions, on aurait, nous les premiers, il fut un temps, demand\u00e9 pour moins que \u00e7a <strong>la d\u00e9mission des fraichement d\u00e9sign\u00e9s directeurs r\u00e9gionaux SNCF, Messieurs Eric Cinotti et Philippe Charlot<\/strong>.<br \/>\n&nbsp;<br \/>\nSeulement voil\u00e0, on sait que ces deux directeurs ont \u00e9t\u00e9 nomm\u00e9s pour acc\u00e9l\u00e9rer la d\u00e9liquescence de ce brinquebalant train C\u00e9venol que la soci\u00e9t\u00e9 dite ferroviaire voudrait bien supprimer, abandonnant la ligne aux r\u00e9gions travers\u00e9es, ce qui la d\u00e9classerait imm\u00e9diatement. Un sillon ferroviaire pourtant exemplaire dont la [trop] longue r\u00e9novation est d\u00e9j\u00e0 financ\u00e9e par l&rsquo;\u00e9tat et en grande partie, hors comp\u00e9tences, par les deniers de la r\u00e9gion pr\u00e9sid\u00e9e par Ren\u00e9 Souchon, R\u00e9gion Auvergne qui appelle \u00e0 <a href=\"http:\/\/usagers-transports.haut-allier.eu\/spip.php?article97\">un nouveau Plan Rail<\/a> de travaux pour les prochaines ann\u00e9es et qui demande que les lignes du C\u00e9venol ainsi que le Puy Saint-Etienne <a href=\"http:\/\/usagers-transports.haut-allier.eu\/spip.php?article129\">soient prioritaires<\/a>. Plus volontariste que ce pr\u00e9sident on ne trouve que difficilement, et les usagers peuvent lui en \u00eatre reconnaissants.<br \/>\n&nbsp;<br \/>\nC\u00f4t\u00e9 SNCF c&rsquo;est tout l&rsquo;inverse : impossible d&rsquo;obtenir une projection quelconque pour l&rsquo;avenir de cet Intercit\u00e9s. Par contre ce que dont on est s\u00fbr :<br \/>\n&nbsp;<br \/>\n&#8211; c&rsquo;est que le mat\u00e9riel roulant de l&rsquo;Intercit\u00e9s C\u00e9venol est d\u00e9fectueux par manque d&rsquo;entretien de la part du transporteur et par v\u00e9tust\u00e9, preuve en a \u00e9t\u00e9 toute l&rsquo;ann\u00e9e 2013 o\u00f9 <a href=\"http:\/\/usagers-transports.haut-allier.eu\/spip.php?article89\">les retards relev\u00e9s<\/a> ont \u00e9t\u00e9 monstrueux, et encore ce d\u00e9but d&rsquo;ann\u00e9e 2014 pendant lequel la rame de type Corail a du \u00eatre souvent remplac\u00e9e par des trains r\u00e9gionaux. Sans compter les pannes en cours, ou les <a href=\"http:\/\/usagers-transports.haut-allier.eu\/spip.php?article92\">annulations<\/a>, de trajets.<\/p>\n<p>&#8211; c&rsquo;est que parmi les nouvelles rames command\u00e9es par la SNCF pour ses Intercit\u00e9s, les Coradia Liner d&rsquo;Alstom, <a href=\"http:\/\/usagers-transports.haut-allier.eu\/spip.php?article94\">aucune ne sera affect\u00e9e au C\u00e9venol<\/a>,<\/p>\n<p>&#8211; c&rsquo;est qu&rsquo;aucune publicit\u00e9 n&rsquo;est faite par la SNCF sur ses sites de r\u00e9servation et horaires (Voyages ou Intercit\u00e9s) pour la ligne Clermont Ferrand &#8211; N\u00eemes via les C\u00e9vennes, la plus courte et la moins on\u00e9reuse pour les voyageurs,<\/p>\n<p>&#8211; c&rsquo;est que lorsqu&rsquo;une op\u00e9ration de billets \u00e0 tarif r\u00e9duit est lanc\u00e9e pour les Intercit\u00e9s <a href=\"http:\/\/usagers-transports.haut-allier.eu\/spip.php?article123\">aucune n&rsquo;est applicable pour cette ligne<\/a> et c&rsquo;est la seule exception sur le plan national,<\/p>\n<p>&#8211; c&rsquo;est qu&rsquo;aucun investissement n&rsquo;est fait dans l&rsquo;\u00e9quipement des gares au del\u00e0 de Brioude,<\/p>\n<p>&#8211; c&rsquo;est que l&rsquo;entretien de ces gares est ultra minimal, <a href=\"http:\/\/usagers-transports.haut-allier.eu\/spip.php?article116\">une fois par an pour les haltes<\/a> par exemple. <\/p>\n<p>&nbsp;<br \/>\nEn plus donc de ce manque de volont\u00e9 manifeste voil\u00e0 maintenant que s&rsquo;ajoute la non gestion du personnel.<br \/>\n&nbsp;<br \/>\n<strong>Passons \u00e0 l&rsquo;action !<\/strong><br \/>\n&nbsp;<\/p>\n<h2><strong>Face \u00e0 la tr\u00e8s mauvaise volont\u00e9 de la SNCF pour une ligne et un trajet national que personne ne veut voir dispara\u00eetre, il va falloir que le peu d&rsquo;usagers non encore d\u00e9gout\u00e9s montent s\u00e9rieusement et rapidement au cr\u00e9neau d&rsquo;une fa\u00e7on ou d&rsquo;une autre, les manifestations des <a href=\"http:\/\/usagers-transports.haut-allier.eu\/spip.php?article117\">syndicats cheminots<\/a> et d&rsquo;<a href=\"http:\/\/usagers-transports.haut-allier.eu\/spip.php?article45\">\u00e9lus<\/a> n&rsquo;y faisant plus rien. Remuons nos m\u00e9ninges, toutes id\u00e9es, et les plus saugrenues sont les bienvenues ! Les m\u00e9dias suivront. Evidemment.<\/h2>\n<p><\/strong><\/p>\n<p>&nbsp;<br \/>\n<strong>Dans la presse :<\/strong><br \/>\n&nbsp;<br \/>\n&#8211; sur France 3 Languedoc Roussilon : <a href=\"http:\/\/languedoc-roussillon.france3.fr\/2014\/05\/12\/2-heures-de-retard-entre-clermont-et-nimes-parce-qu-il-manquait-un-controleur-475551.html\">2 heures de retard entre Clermont et N\u00eemes parce qu&rsquo;il manquait un contr\u00f4leur<\/a>.<\/p>\n","protected":false},"excerpt":{"rendered":"<p>Ca continue. &nbsp; Ce dimanche 11 mai, jour de retour des vacanciers, les voyageurs \u00e0 bord du seul<\/p>\n","protected":false},"author":1,"featured_media":0,"comment_status":"closed","ping_status":"open","sticky":false,"template":"","format":"standard","meta":{"footnotes":""},"categories":[3],"tags":[],"class_list":["post-133","post","type-post","status-publish","format-standard","hentry","category-en-train"],"_links":{"self":[{"href":"https:\/\/usagers-transports.haut-allier.eu\/index.php\/wp-json\/wp\/v2\/posts\/133","targetHints":{"allow":["GET"]}}],"collection":[{"href":"https:\/\/usagers-transports.haut-allier.eu\/index.php\/wp-json\/wp\/v2\/posts"}],"about":[{"href":"https:\/\/usagers-transports.haut-allier.eu\/index.php\/wp-json\/wp\/v2\/types\/post"}],"author":[{"embeddable":true,"href":"https:\/\/usagers-transports.haut-allier.eu\/index.php\/wp-json\/wp\/v2\/users\/1"}],"replies":[{"embeddable":true,"href":"https:\/\/usagers-transports.haut-allier.eu\/index.php\/wp-json\/wp\/v2\/comments?post=133"}],"version-history":[{"count":0,"href":"https:\/\/usagers-transports.haut-allier.eu\/index.php\/wp-json\/wp\/v2\/posts\/133\/revisions"}],"wp:attachment":[{"href":"https:\/\/usagers-transports.haut-allier.eu\/index.php\/wp-json\/wp\/v2\/media?parent=133"}],"wp:term":[{"taxonomy":"category","embeddable":true,"href":"https:\/\/usagers-transports.haut-allier.eu\/index.php\/wp-json\/wp\/v2\/categories?post=133"},{"taxonomy":"post_tag","embeddable":true,"href":"https:\/\/usagers-transports.haut-allier.eu\/index.php\/wp-json\/wp\/v2\/tags?post=133"}],"curies":[{"name":"wp","href":"https:\/\/api.w.org\/{rel}","templated":true}]}}