{"id":134,"date":"2014-06-11T09:05:00","date_gmt":"2014-06-11T07:05:00","guid":{"rendered":"http:\/\/5.45.101.177\/haut-allier\/usagers-transportse\/index.php\/2014\/06\/11\/promos-vacances-intercites-sncf134\/"},"modified":"2014-06-11T09:05:00","modified_gmt":"2014-06-11T07:05:00","slug":"promos-vacances-intercites-sncf134","status":"publish","type":"post","link":"https:\/\/usagers-transports.haut-allier.eu\/index.php\/2014\/06\/11\/promos-vacances-intercites-sncf134\/","title":{"rendered":"Promos Vacances Intercit\u00e9s SNCF : toujours pas pour le C\u00e9venol [MAJ avec la r\u00e9ponse]"},"content":{"rendered":"<p><strong>[Mise \u00e0 jour du 11 juin]<\/strong><br \/>\n&nbsp;<br \/>\nBonne nouvelle. La SNCF r\u00e9pond favorablement \u00e0 notre demande :<br \/>\n&nbsp;<br \/>\n&#8211; les informations erron\u00e9es quant au parcours du C\u00e9venol vont \u00eatre corrig\u00e9es,<br \/>\n&#8211; le C\u00e9venol est bien propos\u00e9 \u00e0 la vente sur voyages-sncf.com. Il n\u2019apparait toutefois pas dans la r\u00e9plique affich\u00e9e dans le site Intercit\u00e9s. Ils travaillent pour corriger le d\u00e9faut.<br \/>\n&#8211; La SNCF est pr\u00eate \u00e0 tester ce type de promotions sur le parcours Clermont \u2013 N\u00eemes lors de la prochaine campagne promotionnelle.<br \/>\n&nbsp;<br \/>\nMerci \u00e0 eux pour leur r\u00e9activit\u00e9 soudaine.<br \/>\n&nbsp;<br \/>\nLa lettre :<\/p>\n<p><img decoding=\"async\" src=\"IMG\/jpg\/usagers-transports-haut-allier-eu-11juin2014-reponse-sncf-pb-intercites-cevenol.jpg\" alt=\"usagers-transports-haut-allier-eu-11juin2014-reponse-sncf-pb-intercites-cevenol.jpg\" align=\"center\" \/><\/p>\n<p><strong>[Article du 20 mai]<\/strong><br \/>\n&nbsp;<br \/>\nCe matin 20 mai annonce de la SNCF : <strong> <em>D\u00e8s demain INTERCIT\u00c9S met en vente 150 000 billets \u00e0 petits prix vers plus de 300 destinations en France pour des voyages du 23 mai au 26 juin.<\/em> <\/strong><br \/>\n&nbsp;<br \/>\nOn se pr\u00e9cipite sur leur site <a href=\"http:\/\/www.intercites.sncf.com\">www.intercites.sncf.com<\/a> et on tombe sur ceci qui confirme l&rsquo;offre :<br \/>\n&nbsp;<br \/>\n<img decoding=\"async\" src=\"IMG\/jpg\/intercites-mai-2014-sabotage-cevenol-05.jpg\" alt=\"intercites-mai-2014-sabotage-cevenol-05.jpg\" align=\"center\" \/><br \/>\n&nbsp;<br \/>\nParfait, on va donc v\u00e9rifier si l&rsquo;offre est applicable \u00e0 tous les Intercit\u00e9s puisque la belle carte du r\u00e9seau s&rsquo;affiche sur le site en question :<br \/>\n&nbsp;<br \/>\n<img decoding=\"async\" src=\"IMG\/jpg\/intercites-mai-2014-sabotage-cevenol-000.jpg\" alt=\"intercites-mai-2014-sabotage-cevenol-000.jpg\" align=\"center\" \/><br \/>\n&nbsp;<br \/>\nTestons avec un trajet Clermont-Ferrand Al\u00e8s par exemple :<br \/>\n&nbsp;<br \/>\n<img decoding=\"async\" src=\"IMG\/jpg\/intercites-mai-2014-sabotage-cevenol-00.jpg\" alt=\"intercites-mai-2014-sabotage-cevenol-00.jpg\" align=\"center\" \/><br \/>\n&nbsp;<br \/>\nLe fantastique site web nous affirme qu&rsquo;Al\u00e8s fait bien partie du r\u00e9seau Intercit\u00e9s. Ouf, on respire. Il nous indique m\u00eame qu&rsquo;Al\u00e8s est sur la ligne Clermont-Ferrand N\u00eemes. \u00d4 joie de la divination !<br \/>\n&nbsp;<br \/>\n<img decoding=\"async\" src=\"IMG\/jpg\/intercites-mai-2014-sabotage-cevenol-01.jpg\" alt=\"intercites-mai-2014-sabotage-cevenol-01.jpg\" align=\"center\" \/><br \/>\n&nbsp;<br \/>\nCliquons cliquons donc sur le lien propos\u00e9. La r\u00e9ponse est cinglante, il s&rsquo;agit bien du train C\u00e9venol. \u00d4 merveilleuse divinitude !<br \/>\n&nbsp;<br \/>\n<img decoding=\"async\" src=\"IMG\/jpg\/intercites-mai-2014-sabotage-cevenol-02.jpg\" alt=\"intercites-mai-2014-sabotage-cevenol-02.jpg\" align=\"center\" \/><br \/>\n&nbsp;<br \/>\nNous allons pouvoir acheter notre billet sans doute \u00e0 un prix promotionnel pour ces vacances. Nous choisissons donc dans la liste d\u00e9roulante des gares de d\u00e9part Clermont-Ferrand :<br \/>\n&nbsp;<br \/>\n<img decoding=\"async\" src=\"IMG\/jpg\/intercites-mai-2014-sabotage-cevenol-03.jpg\" alt=\"intercites-mai-2014-sabotage-cevenol-03.jpg\" align=\"center\" \/><br \/>\n&nbsp;<br \/>\nS\u00e9lectionnons donc Al\u00e8s en destination (ou N\u00eemes)(ou Labastide)(ou Langogne) dans le choix d\u00e9roulant :<br \/>\n&nbsp;<br \/>\n<img decoding=\"async\" src=\"IMG\/jpg\/intercites-mai-2014-sabotage-cevenol-04.jpg\" alt=\"intercites-mai-2014-sabotage-cevenol-04.jpg\" align=\"center\" \/><br \/>\n&nbsp;<br \/>\nHorreur et stupeur : aucune gare de la ligne des C\u00e9vennes n&rsquo;y figure ! Adieu veaux, vaches, cochons, couv\u00e9e&#8230;<br \/>\n&nbsp;<br \/>\nLe sabotage est sciemment organis\u00e9 et continue malgr\u00e9 nos <a href=\"http:\/\/usagers-transports.haut-allier.eu\/spip.php?article123\">remarques<\/a> de d\u00e9but d&rsquo;ann\u00e9e. Tout est fait pour <strong>d\u00e9courager l&rsquo;usager<\/strong>. C&rsquo;est la politique de la direction nationale de la SNCF qui dure depuis des ann\u00e9es.<br \/>\n&nbsp;<br \/>\nPuisque rien ne bouge et que tout va bien le collectif vient d&rsquo;\u00e9crire au ministre des transports et du d\u00e9veloppement durable (!) Fr\u00e9d\u00e9ric Cuvillier, \u00e0 Monsieur Guillaume P\u00e9py directeur de la SNCF. Copie est adress\u00e9e aux m\u00e9dias, au pr\u00e9sident de la r\u00e9gion Auvergne Ren\u00e9 Souchon, \u00e0 celui du Languedoc Roussillon, aux pr\u00e9sidents des conseils g\u00e9n\u00e9raux du Puy de D\u00f4me, de la Haute-Loire, de l&rsquo;Ard\u00e8che, de la Loz\u00e8re, du Gard, \u00e0 l&rsquo;association des \u00e9lus pour la d\u00e9fense du C\u00e9venol. <\/p>\n","protected":false},"excerpt":{"rendered":"<p>[Mise \u00e0 jour du 11 juin] &nbsp; Bonne nouvelle. La SNCF r\u00e9pond favorablement \u00e0 notre demande : &nbsp;<\/p>\n","protected":false},"author":1,"featured_media":0,"comment_status":"closed","ping_status":"open","sticky":false,"template":"","format":"standard","meta":{"footnotes":""},"categories":[3],"tags":[],"class_list":["post-134","post","type-post","status-publish","format-standard","hentry","category-en-train"],"_links":{"self":[{"href":"https:\/\/usagers-transports.haut-allier.eu\/index.php\/wp-json\/wp\/v2\/posts\/134","targetHints":{"allow":["GET"]}}],"collection":[{"href":"https:\/\/usagers-transports.haut-allier.eu\/index.php\/wp-json\/wp\/v2\/posts"}],"about":[{"href":"https:\/\/usagers-transports.haut-allier.eu\/index.php\/wp-json\/wp\/v2\/types\/post"}],"author":[{"embeddable":true,"href":"https:\/\/usagers-transports.haut-allier.eu\/index.php\/wp-json\/wp\/v2\/users\/1"}],"replies":[{"embeddable":true,"href":"https:\/\/usagers-transports.haut-allier.eu\/index.php\/wp-json\/wp\/v2\/comments?post=134"}],"version-history":[{"count":0,"href":"https:\/\/usagers-transports.haut-allier.eu\/index.php\/wp-json\/wp\/v2\/posts\/134\/revisions"}],"wp:attachment":[{"href":"https:\/\/usagers-transports.haut-allier.eu\/index.php\/wp-json\/wp\/v2\/media?parent=134"}],"wp:term":[{"taxonomy":"category","embeddable":true,"href":"https:\/\/usagers-transports.haut-allier.eu\/index.php\/wp-json\/wp\/v2\/categories?post=134"},{"taxonomy":"post_tag","embeddable":true,"href":"https:\/\/usagers-transports.haut-allier.eu\/index.php\/wp-json\/wp\/v2\/tags?post=134"}],"curies":[{"name":"wp","href":"https:\/\/api.w.org\/{rel}","templated":true}]}}