{"id":135,"date":"2014-05-21T14:46:21","date_gmt":"2014-05-21T12:46:21","guid":{"rendered":"http:\/\/5.45.101.177\/haut-allier\/usagers-transportse\/index.php\/2014\/05\/21\/incapable-sncf-elle-commande-2000135\/"},"modified":"2014-05-21T14:46:21","modified_gmt":"2014-05-21T12:46:21","slug":"incapable-sncf-elle-commande-2000135","status":"publish","type":"post","link":"https:\/\/usagers-transports.haut-allier.eu\/index.php\/2014\/05\/21\/incapable-sncf-elle-commande-2000135\/","title":{"rendered":"Incapable SNCF : elle commande 2000 trains TER trop larges pour les quais de ses gares !"},"content":{"rendered":"<p>C&rsquo;est la catastrophe que la soci\u00e9t\u00e9 dite ferroviaire et sa succursale RFF viennent de d\u00e9couvrir hier soir dans le Canard Enchain\u00e9 qui titrait \u00ab\u00a0TER : de nouvelles rames trop larges pour 1200 quais !\u00a0\u00bb.<br \/>\n&nbsp;<br \/>\n <img decoding=\"async\" src=\"IMG\/jpg\/3856765_canard-enchaine.jpg\" alt=\"3856765_canard-enchaine.jpg\" align=\"center\" \/><br \/>\n&nbsp;<\/p>\n<p><img decoding=\"async\" src=\"IMG\/jpg\/300-regiolis.jpg\" alt=\"300-regiolis.jpg\" align=\"center\" \/><br \/>\n[| <em>Le R\u00e9giolis, un des coupables<\/em> |]<br \/>\n&nbsp;<\/p>\n<p>L&rsquo;information est reprise aussit\u00f4t par les Echos \u00ab\u00a0<a href=\"http:\/\/m.lesechos.fr\/industrie-services\/trains-ter-l-incroyable-bourde-du-tandem-sncf-rff-0203510707943.htm\">Trains TER : l\u2019incroyable bourde du tandem SNCF-RFF<\/a>\u00a0\u00bb . D\u00e9but d&rsquo;article :<\/p>\n<blockquote><p>\nOn dirait un exercice d\u2019arithm\u00e9tique d\u2019antan. Sachant que la SNCF a command\u00e9 pour les r\u00e9gions 341 trains TER, de combien de centim\u00e8tres faudra-t-il \u00e9largir les quais pour leur permettre de circuler ? Donnez une estimation du calendrier de r\u00e9alisation et calculez la facture.<\/p>\n<p>R\u00e9ponse : L\u2019arriv\u00e9e de nouveaux trains r\u00e9gionaux, plus larges, va n\u00e9cessiter des travaux suco\u00fbt de 50 millions d\u2019euros , ont fait savoir mardi la SNCF et R\u00e9seau ferr\u00e9 de France (RFF), qui \u00e9voquent des travaux de modernisation classiques, confirmant une information du \u00ab\u2009Canard Encha\u00een\u00e9\u2009\u00bb.<\/p>\n<p>Selon l\u2019hebdomadaire satirique, la SNCF \u00ab\u2009a d\u00e9fini le cahier des charges, avec, notamment, les dimensions des nouvelles rames. [&#8230;] Or les savants ing\u00e9nieurs de la SNCF ont omis de v\u00e9rifier la r\u00e9alit\u00e9 sur le terrain. Cons\u00e9quence, selon l\u2019Association des R\u00e9gions de France, que pr\u00e9side le socialiste Alain Rousset : 1.200 quais sont trop proches des voies pour laisser passer les trains\u2009\u00bb. Les 182 rames TER Regiolis du fabricant Alstom et les 159 Regio 2N de Bombardier, qui seront mis progressivement en service d\u2019ici \u00e0 fin 2016, s\u2019av\u00e8rent en effet plus larges que celle de la g\u00e9n\u00e9ration pr\u00e9c\u00e9dente. Il faudra donc raboter certains quais, de fa\u00e7on plus ou moins importante, ont confirm\u00e9 la SNCF et RFF.<br \/>\n<\/quote><br \/>\n&nbsp;<\/p>\n<p>Le Parisien reprend aussi le soir m\u00eame : \u00ab\u00a0<a href=\"http:\/\/www.leparisien.fr\/economie\/la-sncf-aurait-commande-des-rames-trop-larges-pour-1200-quais-20-05-2014-3856765.php\">La SNCF a command\u00e9 de nouveaux TER trop larges pour ses quais<\/a>\u00a0\u00bb . Extrait de l&rsquo;article :<\/p>\n<p><quote><br \/>\nC&rsquo;est une erreur de quelques centim\u00e8tres qui pourrait co\u00fbter des centaines de millions d&rsquo;euros. La SNCF a achet\u00e9 des dizaines de rames de TER mais les quais actuels sont trop \u00e9troits pour les accueillir, r\u00e9v\u00e8le Le Canard Encha\u00een\u00e9 dans son \u00e9dition du mercredi 21 mai.<\/p>\n<p>Dans son \u00e9dition de mercredi, l&rsquo;hebdomadaire satirique \u00e9crit que la SNCF \u00aba d\u00e9fini le cahier des charges, avec, notamment, les dimensions des nouvelles rames. (&#8230;) Or les savants ing\u00e9nieurs de la SNCF ont omis de v\u00e9rifier la r\u00e9alit\u00e9 sur le terrain. Cons\u00e9quence, selon l&rsquo;Association des R\u00e9gions de France, que pr\u00e9side le socialiste Alain Rousset : 1.200 quais sont trop proches des voies pour laisser passer les trains\u00bb.<\/p>\n<p>Les 182 rames TER Regiolis d&rsquo;Alstom et les 159 Regio 2N de Bombardier, qui vont entrer en service progressivement jusqu&rsquo;\u00e0 fin 2016, sont plus larges que leurs pr\u00e9d\u00e9cesseurs, et vont donc n\u00e9cessiter de raboter certains quais, de fa\u00e7on plus ou moins importante, ont confirm\u00e9 \u00e0 l&rsquo;AFP la SNCF et RFF. En effet, beaucoup d&rsquo;entre eux ont \u00e9t\u00e9 construits \u00e0 une \u00e9poque o\u00f9 il n&rsquo;existait pas de norme. Et l&rsquo;\u00e9cartement entre deux quais ou entre le quai et la voie n&rsquo;est pas le m\u00eame dans les diff\u00e9rentes gares de France.<\/p>\n<p>La SNCF dit avoir communiqu\u00e9 aux ing\u00e9nieurs d&rsquo;Alstom et de Bombardier les dimensions de ces futures rames, plus larges que les actuelles. Ces dimensions ont \u00e9t\u00e9 bas\u00e9es sur les donn\u00e9es de R\u00e9seau ferr\u00e9 de France (RFF), pr\u00e9cise Le Canard. La SNCF minimise l&rsquo;affaire en expliquant que ces travaux ne s&rsquo;appliquent qu&rsquo;\u00e0 une gare sur six. Christophe Piedno\u00ebl, directeur de la communication de R\u00e9seau ferr\u00e9 de France (RFF), affirme que des \u00abtravaux de ma\u00e7onnerie\u00bb ont d\u00e9j\u00e0 \u00e9t\u00e9 effectu\u00e9s sur 300 quais. Il reste donc 1 000 quais, car les nouvelles rames exc\u00e8dent parfois de un \u00e0 deux centim\u00e8tres la largeur des voies.\n<\/p><\/blockquote>\n<p>&nbsp;<\/p>\n<p>Le pr\u00e9sident de RFF le tout penaud  Jacques Rapoport vient s&rsquo;expliquer d\u00e8s 7 heures 15 ce matin mercredi 21 mai sur Europe 1 : \u00ab\u00a0<em>Nous avons d\u00e9couvert ce sujet un peu tardivement, c&rsquo;est vrai. Les voyageurs ne subiront aucun retard.<\/em>\u00a0\u00bb<\/p>\n<p><img decoding=\"async\" src=\"IMG\/jpg\/RaroBoIqGitIAAAngP7.jpg\" alt=\"RaroBoIqGitIAAAngP7.jpg\" align=\"center\" \/><br \/>\n&nbsp;<\/p>\n<p><strong>Les politiques d\u00e9noncent l&rsquo;ubuesque de la situation<\/strong><br \/>\n&nbsp;<br \/>\nEt tout s&rsquo;enflamme. Le ministre des transports Fr\u00e9d\u00e9ric Cuvillier d\u00e9clare sur <a href=\"http:\/\/www.bfmtv.com\/societe\/sncf-nouveaux-ter-sont-gros-1-200-quais-a-raboter-778147.html\">BFM TV<\/a> qu&rsquo;il d\u00e9plore \u00ab\u00a0la s\u00e9paration\u00a0\u00bb RFF-SNCF puis il d\u00e9peint un \u00ab\u00a0syst\u00e8me ferroviaire ubuesque\u00a0\u00bb.  En d\u00e9but d&rsquo;apr\u00e8s-midi <strong>il demande \u00e0 la SNCF et RFF une enqu\u00eate interne<\/strong> sur les TER trop larges.<br \/>\n&nbsp;<br \/>\n<object id=\"flashObj\" width=\"480\" height=\"270\" classid=\"clsid:D27CDB6E-AE6D-11cf-96B8-444553540000\" codebase=\"http:\/\/download.macromedia.com\/pub\/shockwave\/cabs\/flash\/swflash.cab#version=9,0,47,0\"><param name=\"movie\" value=\"http:\/\/c.brightcove.com\/services\/viewer\/federated_f9?isVid=1&#038;isUI=1\" \/><param name=\"bgcolor\" value=\"#FFFFFF\" \/><param name=\"flashVars\" value=\"videoId=3577935056001&#038;linkBaseURL=http%3A%2F%2Fwww.bfmtv.com%2Fvideo%2Fbfmtv%2Fsociete%2Fter-gros-cuvillier-deplore-un-systeme-ferroviaire-ubuesque-20-05-198371%2F&#038;playerID=1027556707001&#038;playerKey=AQ&nbsp;&nbsp;,AAAAzBCG-1E&nbsp;,ZmNCmEZClj4eQ1WsLf_mGl_Pmb90_E4h&#038;domain=embed&#038;dynamicStreaming=true\" \/><param name=\"base\" value=\"http:\/\/admin.brightcove.com\" \/><param name=\"seamlesstabbing\" value=\"false\" \/><param name=\"allowFullScreen\" value=\"true\" \/><param name=\"swLiveConnect\" value=\"true\" \/><param name=\"allowScriptAccess\" value=\"always\" \/><embed src=\"http:\/\/c.brightcove.com\/services\/viewer\/federated_f9?isVid=1&#038;isUI=1\" bgcolor=\"#FFFFFF\" flashVars=\"videoId=3577935056001&#038;linkBaseURL=http%3A%2F%2Fwww.bfmtv.com%2Fvideo%2Fbfmtv%2Fsociete%2Fter-gros-cuvillier-deplore-un-systeme-ferroviaire-ubuesque-20-05-198371%2F&#038;playerID=1027556707001&#038;playerKey=AQ&nbsp;&nbsp;,AAAAzBCG-1E&nbsp;,ZmNCmEZClj4eQ1WsLf_mGl_Pmb90_E4h&#038;domain=embed&#038;dynamicStreaming=true\" base=\"http:\/\/admin.brightcove.com\" name=\"flashObj\" width=\"480\" height=\"270\" seamlesstabbing=\"false\" type=\"application\/x-shockwave-flash\" allowFullScreen=\"true\" allowScriptAccess=\"always\" swLiveConnect=\"true\" pluginspage=\"http:\/\/www.macromedia.com\/shockwave\/download\/index.cgi?P1_Prod_Version=ShockwaveFlash\"><\/embed><\/object><br \/>\n&nbsp;<\/p>\n<p><strong>Les r\u00e9gions furieuses<\/strong><br \/>\n&nbsp;<\/p>\n<p>Sur RMC Info ce matin le pr\u00e9sident des R\u00e9gions fran\u00e7aises Alain Rousset d\u00e9clare : <em>\u00ab\u2009Nous refusons de verser un seul centime sur cette r\u00e9paration. On ne va pas, quand m\u00eame, \u00eatre \u00e0 la fois pigeon et financeurs. Les r\u00e9gions ne sont pas des pigeons\u2009\u00bb<\/em><br \/>\n&nbsp;<br \/>\n<object id=\"flashObj\" width=\"480\" height=\"270\" classid=\"clsid:D27CDB6E-AE6D-11cf-96B8-444553540000\" codebase=\"http:\/\/download.macromedia.com\/pub\/shockwave\/cabs\/flash\/swflash.cab#version=9,0,47,0\"><param name=\"movie\" value=\"http:\/\/c.brightcove.com\/services\/viewer\/federated_f9?isVid=1&#038;isUI=1\" \/><param name=\"bgcolor\" value=\"#FFFFFF\" \/><param name=\"flashVars\" value=\"videoId=3579065999001&#038;playerID=1321210711001&#038;playerKey=AQ&nbsp;&nbsp;,AAAAzBtC-5k&nbsp;,eFRORT_mCNHXsXCkXBktv6DjbyscgjRo&#038;domain=embed&#038;dynamicStreaming=true\" \/><param name=\"base\" value=\"http:\/\/admin.brightcove.com\" \/><param name=\"seamlesstabbing\" value=\"false\" \/><param name=\"allowFullScreen\" value=\"true\" \/><param name=\"swLiveConnect\" value=\"true\" \/><param name=\"allowScriptAccess\" value=\"always\" \/><embed src=\"http:\/\/c.brightcove.com\/services\/viewer\/federated_f9?isVid=1&#038;isUI=1\" bgcolor=\"#FFFFFF\" flashVars=\"videoId=3579065999001&#038;playerID=1321210711001&#038;playerKey=AQ&nbsp;&nbsp;,AAAAzBtC-5k&nbsp;,eFRORT_mCNHXsXCkXBktv6DjbyscgjRo&#038;domain=embed&#038;dynamicStreaming=true\" base=\"http:\/\/admin.brightcove.com\" name=\"flashObj\" width=\"480\" height=\"270\" seamlesstabbing=\"false\" type=\"application\/x-shockwave-flash\" allowFullScreen=\"true\" allowScriptAccess=\"always\" swLiveConnect=\"true\" pluginspage=\"http:\/\/www.macromedia.com\/shockwave\/download\/index.cgi?P1_Prod_Version=ShockwaveFlash\"><\/embed><\/object><br \/>\n&nbsp;<\/p>\n<p>M\u00eame Jos\u00e9 Bov\u00e9 interrog\u00e9 par France Bleu P\u00e9rigord d\u00e9clare : <em>\u00ab\u00a0Cette affaire de trains c&rsquo;est du grand n&rsquo;importe quoi. C&rsquo;est la cons\u00e9quence du d\u00e9mant\u00e8lement du service public du rail\u00a0\u00bb<\/em>.<br \/>\n&nbsp;<\/p>\n<p><strong>Gros \u00e9clat de rire sur Twitter<\/strong><br \/>\n&nbsp;<\/p>\n<p>Sur Twitter c&rsquo;est la folie, les addicts s&rsquo;en donnent \u00e0 coeur joie. Extraits avec d&rsquo;abord cette nouvelle invention pour raboter les quais, propos\u00e9e par un twittos :<\/p>\n<p><img decoding=\"async\" src=\"IMG\/jpg\/machinearaboter.jpg\" alt=\"machinearaboter.jpg\" align=\"center\" \/><br \/>\n&nbsp;<\/p>\n<p>Puis on parle d&rsquo;une commande de nouveaux quais qui ne pourraient peut-\u00eatre pas rentrer dans les gares&#8230;<\/p>\n<p><img decoding=\"async\" src=\"IMG\/jpg\/tertroplarges-00.jpg\" alt=\"tertroplarges-00.jpg\" align=\"center\" \/><br \/>\n&nbsp;<\/p>\n<p>Et <em>La Mort La Vraie<\/em> nous met en garde :<\/p>\n<p><img decoding=\"async\" src=\"IMG\/jpg\/tertroplarges-01.jpg\" alt=\"tertroplarges-01.jpg\" align=\"center\" \/><br \/>\n&nbsp;<\/p>\n<p><strong>La SNCF r\u00e9dige des communiqu\u00e9s en toute h\u00e2te<\/strong><br \/>\n&nbsp;<br \/>\nL&rsquo;affolement dans la soci\u00e9t\u00e9 de Guillaume P\u00e9py est tel qu&rsquo;on peut l&rsquo;imaginer. Aussi \u00e0 la mi-journ\u00e9e un <a href=\"http:\/\/www.rff.fr\/fr\/presse\/communiques-de-presse\/2014-1183\/rff-et-sncf-realisent-des-travaux-de-modernisation-pour-repondre-a-l-arrivee-des-nouveaux-ter#.U3w_QwzlqsM.twitter\">communiqu\u00e9 de presse<\/a> de RFF est scribouill\u00e9 en catastrophe, intitul\u00e9 laconiquement pour para\u00eetre le plus s\u00e9rieux possible <em>\u00ab\u00a0RFF et SNCF r\u00e9alisent des travaux de modernisation pour r\u00e9pondre \u00e0 l\u2019arriv\u00e9e des nouveaux TER\u00a0\u00bb<\/em> :<br \/>\n&nbsp;<br \/>\n<img decoding=\"async\" src=\"IMG\/jpg\/tertroplarges-03.jpg\" alt=\"tertroplarges-03.jpg\" align=\"center\" \/><br \/>\n&nbsp;<\/p>\n<p>Puis la SNCF en rajoute une couche \u00e0 14h00 avec son \u00ab\u00a0<a href=\"http:\/\/www.sncf.com\/fr\/presse\/article\/modernisation-nouveauxtrains-931802\">Pack Presse<\/a>\u00a0\u00bb intitul\u00e9 <em>\u00ab\u00a0Des quais modernis\u00e9s pour l&rsquo;arriv\u00e9e des nouveaux trains\u00a0\u00bb<\/em> :<br \/>\n&nbsp;<br \/>\n<img decoding=\"async\" src=\"IMG\/jpg\/tertroplarges-02.jpg\" alt=\"tertroplarges-02.jpg\" align=\"center\" \/><br \/>\n&nbsp;<\/p>\n<p><strong>Et la ligne du C\u00e9venol ?<\/strong><br \/>\n&nbsp;<br \/>\n<strong>Et la gare d&rsquo;Alleyras dans tout \u00e7a ? Et celles de la ligne des C\u00e9vennes ? Oh peu importe, m\u00eame pas besoin d&rsquo;aller mesurer, ce dont on peut \u00eatre s\u00fbr c&rsquo;est que la raison sera excellente pour d\u00e9clarer la ligne des C\u00e9vennes et ses gares obsol\u00e8tes et d&rsquo;y faire circuler les trains tacots dont personne ne voudra plus.<\/strong><\/p>\n","protected":false},"excerpt":{"rendered":"<p>C&rsquo;est la catastrophe que la soci\u00e9t\u00e9 dite ferroviaire et sa succursale RFF viennent de d\u00e9couvrir hier soir dans<\/p>\n","protected":false},"author":1,"featured_media":0,"comment_status":"closed","ping_status":"open","sticky":false,"template":"","format":"standard","meta":{"footnotes":""},"categories":[3],"tags":[],"class_list":["post-135","post","type-post","status-publish","format-standard","hentry","category-en-train"],"_links":{"self":[{"href":"https:\/\/usagers-transports.haut-allier.eu\/index.php\/wp-json\/wp\/v2\/posts\/135","targetHints":{"allow":["GET"]}}],"collection":[{"href":"https:\/\/usagers-transports.haut-allier.eu\/index.php\/wp-json\/wp\/v2\/posts"}],"about":[{"href":"https:\/\/usagers-transports.haut-allier.eu\/index.php\/wp-json\/wp\/v2\/types\/post"}],"author":[{"embeddable":true,"href":"https:\/\/usagers-transports.haut-allier.eu\/index.php\/wp-json\/wp\/v2\/users\/1"}],"replies":[{"embeddable":true,"href":"https:\/\/usagers-transports.haut-allier.eu\/index.php\/wp-json\/wp\/v2\/comments?post=135"}],"version-history":[{"count":0,"href":"https:\/\/usagers-transports.haut-allier.eu\/index.php\/wp-json\/wp\/v2\/posts\/135\/revisions"}],"wp:attachment":[{"href":"https:\/\/usagers-transports.haut-allier.eu\/index.php\/wp-json\/wp\/v2\/media?parent=135"}],"wp:term":[{"taxonomy":"category","embeddable":true,"href":"https:\/\/usagers-transports.haut-allier.eu\/index.php\/wp-json\/wp\/v2\/categories?post=135"},{"taxonomy":"post_tag","embeddable":true,"href":"https:\/\/usagers-transports.haut-allier.eu\/index.php\/wp-json\/wp\/v2\/tags?post=135"}],"curies":[{"name":"wp","href":"https:\/\/api.w.org\/{rel}","templated":true}]}}