{"id":137,"date":"2014-07-22T16:20:55","date_gmt":"2014-07-22T14:20:55","guid":{"rendered":"http:\/\/5.45.101.177\/haut-allier\/usagers-transportse\/index.php\/2014\/07\/22\/la-prediction-du-lampiste-du-train137\/"},"modified":"2014-07-22T16:20:55","modified_gmt":"2014-07-22T14:20:55","slug":"la-prediction-du-lampiste-du-train137","status":"publish","type":"post","link":"https:\/\/usagers-transports.haut-allier.eu\/index.php\/2014\/07\/22\/la-prediction-du-lampiste-du-train137\/","title":{"rendered":"La pr\u00e9diction du lampiste du train C\u00e9v\u00e9nol : Ils vont tout revendre \u00e0 un priv\u00e9"},"content":{"rendered":"<p>Norbert Vigouroux est mon plus proche voisin. Homme tr\u00e8s discret, exceptionnellement il a racont\u00e9 son pass\u00e9 ferroviaire au jeune journaliste du quotidien la Montagne Julien Rapegno, venu de Corr\u00e8ze par les lignes de trains du massif central et en v\u00e9lo pour faire les raccords. Ce jour-l\u00e0 le ciel nous tombait sur la t\u00eate et son parcours de Saint-Ch\u00e9ly d&rsquo;Apcher \u00e0 Pourcheresse, puis Pont d&rsquo;Alleyras fut \u00e9pique.<br \/>\n&nbsp;<br \/>\n<img decoding=\"async\" src=\"IMG\/jpg\/carnets-de-rail-en-auvergne-et-limousin_1683996.jpg\" alt=\"carnets-de-rail-en-auvergne-et-limousin_1683996.jpg\" align=\"center\" \/><br \/>\n&nbsp;<br \/>\nIl en garde un souvenir \u00e9mu qu&rsquo;il raconte dans ses <em><a href=\"http:\/\/www.lamontagne.fr\/auvergne\/actualite\/2014\/07\/10\/carnet-de-rail-en-auvergne-et-limousin_2481.html\">Carnets de rail<\/a><\/em> qu&rsquo;il fait paraitre tout l&rsquo;\u00e9t\u00e9 dans la Montagne au fil de son parcours. Il rencontre Norbert le lendemain de son arriv\u00e9e mouvement\u00e9e sur le quai de la gare du Pont. Ce dernier lui livre le profond de sa pens\u00e9e.<br \/>\n&nbsp;<br \/>\n&#8211; A d\u00e9couvrir ici : <a href=\"http:\/\/www.lamontagne.fr\/auvergne\/actualite\/departement\/haute-loire\/2014\/07\/22\/la-prediction-du-lampiste-du-cevenol-ils-vont-tout-revendre-a-un-prive-qui-exploitera-un-train-touristique_11088912.html\">La pr\u00e9diction du lampiste du C\u00e9v\u00e9nol: \u00ab Ils vont tout revendre \u00e0 un priv\u00e9 qui exploitera un train touristique \u00bb<\/a><\/p>\n","protected":false},"excerpt":{"rendered":"<p>Norbert Vigouroux est mon plus proche voisin. Homme tr\u00e8s discret, exceptionnellement il a racont\u00e9 son pass\u00e9 ferroviaire au<\/p>\n","protected":false},"author":1,"featured_media":0,"comment_status":"closed","ping_status":"open","sticky":false,"template":"","format":"standard","meta":{"footnotes":""},"categories":[3],"tags":[],"class_list":["post-137","post","type-post","status-publish","format-standard","hentry","category-en-train"],"_links":{"self":[{"href":"https:\/\/usagers-transports.haut-allier.eu\/index.php\/wp-json\/wp\/v2\/posts\/137","targetHints":{"allow":["GET"]}}],"collection":[{"href":"https:\/\/usagers-transports.haut-allier.eu\/index.php\/wp-json\/wp\/v2\/posts"}],"about":[{"href":"https:\/\/usagers-transports.haut-allier.eu\/index.php\/wp-json\/wp\/v2\/types\/post"}],"author":[{"embeddable":true,"href":"https:\/\/usagers-transports.haut-allier.eu\/index.php\/wp-json\/wp\/v2\/users\/1"}],"replies":[{"embeddable":true,"href":"https:\/\/usagers-transports.haut-allier.eu\/index.php\/wp-json\/wp\/v2\/comments?post=137"}],"version-history":[{"count":0,"href":"https:\/\/usagers-transports.haut-allier.eu\/index.php\/wp-json\/wp\/v2\/posts\/137\/revisions"}],"wp:attachment":[{"href":"https:\/\/usagers-transports.haut-allier.eu\/index.php\/wp-json\/wp\/v2\/media?parent=137"}],"wp:term":[{"taxonomy":"category","embeddable":true,"href":"https:\/\/usagers-transports.haut-allier.eu\/index.php\/wp-json\/wp\/v2\/categories?post=137"},{"taxonomy":"post_tag","embeddable":true,"href":"https:\/\/usagers-transports.haut-allier.eu\/index.php\/wp-json\/wp\/v2\/tags?post=137"}],"curies":[{"name":"wp","href":"https:\/\/api.w.org\/{rel}","templated":true}]}}