{"id":138,"date":"2014-08-20T11:53:00","date_gmt":"2014-08-20T09:53:00","guid":{"rendered":"http:\/\/5.45.101.177\/haut-allier\/usagers-transportse\/index.php\/2014\/08\/20\/la-ligne-du-train-cevenol-est138\/"},"modified":"2014-08-20T11:53:00","modified_gmt":"2014-08-20T09:53:00","slug":"la-ligne-du-train-cevenol-est138","status":"publish","type":"post","link":"https:\/\/usagers-transports.haut-allier.eu\/index.php\/2014\/08\/20\/la-ligne-du-train-cevenol-est138\/","title":{"rendered":"La ligne du train C\u00e9v\u00e9nol est candidate \u00e0 l&rsquo;exp\u00e9rimentaion du TVT, le train \u00e0 vitesse tranquille [MAJ]"},"content":{"rendered":"<p><strong>Lu dans la Montagne le 26 juillet 2014 :<\/strong><br \/>\n&nbsp;<br \/>\nModeste en taille, elle a de la gueule la gare d&rsquo;Alleyras. Et quand elle pousse une gueulante, g\u00e9n\u00e9ralement, les gorges font \u00e9cho et \u00e7a r\u00e9sonne jusqu&rsquo;\u00e0 la Limagne. Les trains ne devaient plus &lsquo;y arr\u00eater, alors c&rsquo;est \u00e0 la gare d&rsquo;Alleyras que le combat pour la d\u00e9fense du C\u00e9v\u00e9nol a trouv\u00e9 l&rsquo;un de ses plus solides bastions. Depuis quelques ann\u00e9es, le collectif des usagers des transports du Haut-Allier p\u00e9titionne, manifeste, informe, pique, ou m\u00eame&#8230;. raille. Bref, la r\u00e9sistance citoyenne est organis\u00e9e et peut compter sur un relais politique structur\u00e9 : l&rsquo;association des \u00e9lus pour la d\u00e9fense du C\u00e9v\u00e9nol et de la ligne Paris-N\u00eemes-Marseille qui puise ses effectifs tant du c\u00f4t\u00e9 auvergnat que languedocien&#8230;<br \/>\n&nbsp;<br \/>\nSuite de l&rsquo;article de la Montagne <a href=\"http:\/\/www.lamontagne.fr\/auvergne\/actualite\/departement\/haute-loire\/2014\/07\/25\/la-ligne-du-cevenol-est-candidate-a-l-experimentaion-du-tvt-le-train-a-vitesse-tranquille_11092792.html\">ici<\/a>.<br \/>\n&nbsp;<br \/>\n<strong>[Mise \u00e0 jour du 20 ao\u00fbt]<\/strong><br \/>\n&nbsp;<br \/>\nL&rsquo;article version papier en pleine page 3 de l&rsquo;\u00e9dition g\u00e9n\u00e9rale !<br \/>\n&nbsp;<br \/>\n<img decoding=\"async\" src=\"IMG\/jpg\/lamontagne-article-alleyras-julien-rapegno-page-3-du-20aout2014-web.jpg\" alt=\"lamontagne-article-alleyras-julien-rapegno-page-3-du-20aout2014-web.jpg\" align=\"center\" \/><\/p>\n","protected":false},"excerpt":{"rendered":"<p>Lu dans la Montagne le 26 juillet 2014 : &nbsp; Modeste en taille, elle a de la gueule<\/p>\n","protected":false},"author":1,"featured_media":0,"comment_status":"closed","ping_status":"open","sticky":false,"template":"","format":"standard","meta":{"footnotes":""},"categories":[3],"tags":[],"class_list":["post-138","post","type-post","status-publish","format-standard","hentry","category-en-train"],"_links":{"self":[{"href":"https:\/\/usagers-transports.haut-allier.eu\/index.php\/wp-json\/wp\/v2\/posts\/138","targetHints":{"allow":["GET"]}}],"collection":[{"href":"https:\/\/usagers-transports.haut-allier.eu\/index.php\/wp-json\/wp\/v2\/posts"}],"about":[{"href":"https:\/\/usagers-transports.haut-allier.eu\/index.php\/wp-json\/wp\/v2\/types\/post"}],"author":[{"embeddable":true,"href":"https:\/\/usagers-transports.haut-allier.eu\/index.php\/wp-json\/wp\/v2\/users\/1"}],"replies":[{"embeddable":true,"href":"https:\/\/usagers-transports.haut-allier.eu\/index.php\/wp-json\/wp\/v2\/comments?post=138"}],"version-history":[{"count":0,"href":"https:\/\/usagers-transports.haut-allier.eu\/index.php\/wp-json\/wp\/v2\/posts\/138\/revisions"}],"wp:attachment":[{"href":"https:\/\/usagers-transports.haut-allier.eu\/index.php\/wp-json\/wp\/v2\/media?parent=138"}],"wp:term":[{"taxonomy":"category","embeddable":true,"href":"https:\/\/usagers-transports.haut-allier.eu\/index.php\/wp-json\/wp\/v2\/categories?post=138"},{"taxonomy":"post_tag","embeddable":true,"href":"https:\/\/usagers-transports.haut-allier.eu\/index.php\/wp-json\/wp\/v2\/tags?post=138"}],"curies":[{"name":"wp","href":"https:\/\/api.w.org\/{rel}","templated":true}]}}