{"id":139,"date":"2014-08-05T12:35:00","date_gmt":"2014-08-05T10:35:00","guid":{"rendered":"http:\/\/5.45.101.177\/haut-allier\/usagers-transportse\/index.php\/2014\/08\/05\/venez-prendre-le-train-a-la-gare-d139\/"},"modified":"2014-08-05T12:35:00","modified_gmt":"2014-08-05T10:35:00","slug":"venez-prendre-le-train-a-la-gare-d139","status":"publish","type":"post","link":"https:\/\/usagers-transports.haut-allier.eu\/index.php\/2014\/08\/05\/venez-prendre-le-train-a-la-gare-d139\/","title":{"rendered":"Venez prendre le train \u00e0 la gare d&rsquo;Alleyras, c&rsquo;est gratos ! [MAJ]"},"content":{"rendered":"<p><strong>[article du 30 juillet]<\/strong><br \/>\n&nbsp;<br \/>\nToutes nos infos convergent pour confirmer qu&rsquo;un voyageur qui monte actuellement dans un train \u00e0 Alleyras, halte sans distributeur de billets, ne verra aucun contr\u00f4leur venir vers lui pour lui \u00e9diter le billet. Et il refusera m\u00eame de le faire.<br \/>\n&nbsp;<br \/>\n<strong>Que recherche la SNCF en agissant ainsi ? Nous sommes en p\u00e9riode d&rsquo;\u00e9t\u00e9 et le trafic voyageurs est soutenu, donc c&rsquo;est \u00e9vident, la soci\u00e9t\u00e9 dite ferroviaire a pour objectif de faire tomber les statistiques de fr\u00e9quentation pour justifier la fermeture de la ligne.<\/strong><br \/>\n&nbsp;<br \/>\nLes t\u00e9moignages r\u00e9cents de 4 personnes diff\u00e9rentes qui resteront anonymes car n&rsquo;ayant pas pu avoir leur billet, qui risquent en plus d&rsquo;\u00eatre poursuivies, le confirment. 2 de ces 4 personnes conscientes du probl\u00e8me de non prise en compte dans les statistiques de fr\u00e9quentation, ont insist\u00e9 \u00e0 l&rsquo;arriv\u00e9e pour r\u00e9gulariser leur situation, peine perdue. Cela leur a \u00e9t\u00e9 refus\u00e9.<br \/>\n&nbsp;<br \/>\nDes raisons techniques ? On sait que les machines portables des contr\u00f4leurs ont besoin de se connecter via le r\u00e9seau t\u00e9l\u00e9phonique mobile pour \u00e9diter les billets. Est-ce que sachant que c&rsquo;est impossible \u00e0 Alleyras, et pour \u00e9viter des complications de gestion \u00e9videntes, les contr\u00f4leurs ne veulent\/peuvent pas en p\u00e9riode de gros trafic \u00e9mettre les billets puisqu&rsquo;il leur faut attendre une demi heure \u00e0 une heure pour capter du r\u00e9seau dans les gorges ? Possible. Toujours est-il que cela fausse les statistiques de fr\u00e9quentation de la ligne.<br \/>\n&nbsp;<br \/>\n<strong>Le collectif des Usagers des Transports du Haut-Allier demande donc d&rsquo;urgence \u00e0 la SNCF l&rsquo;installation d&rsquo;un distributeur automatique de billets \u00e0 Alleyras. Et nous rappelons aussi notre demande de mise en place d&rsquo;un affichage des trains en temps r\u00e9el afin de signaler les \u00e9ventuels retards ou autres.<\/strong><br \/>\n&nbsp;<br \/>\nVoici la lettre adress\u00e9e ce jour \u00e0 la SNCF en charge des gares et du personnel. Copie est adress\u00e9e \u00e0 Messieurs les Pr\u00e9sidents des r\u00e9gions travers\u00e9es ainsi qu&rsquo;\u00e0 la presse et aux m\u00e9dias.<br \/>\n&nbsp;<br \/>\n<strong>R\u00e9actions :<\/strong><br \/>\n&nbsp;<br \/>\n&#8211; De Guy Vissac, Pr\u00e9sident du SMAT Haut Allier et du Pays de Lafayette (arrondissement de Brioude) :<\/p>\n<p>[(<br \/>\n<em>Je vous remercie et vous f\u00e9licite de votre intervention sur les conditions volontairement consenties qu&#8217;emploie la SNCF sur la ligne des C\u00e9vennes. Il est \u00e9vident que l&rsquo;objectif est de r\u00e9duire tous services et statistiques afin d&rsquo;apporter la preuve (tronqu\u00e9e) que cette ligne n&rsquo;a aucune utilit\u00e9. Je viens d&rsquo;envoyer \u00e9galement une lettre au directeur r\u00e9gional de la SNCF en d\u00e9non\u00e7ant les dysfonctionnements.<\/em><br \/>\n)]<br \/>\n&nbsp;<br \/>\n<strong>[Mise \u00e0 jour du 8 aout]<\/strong><br \/>\n&nbsp;<br \/>\n<strong>Dans la presse : <\/strong><br \/>\n&nbsp;<br \/>\n&#8211; Radio Totem journal de 8h00 du 8 aout 2014 :<br \/>\n<a href=\"IMG\/mp3\/usagers-transports-haut-allier-totem-8h00-08aout2014.mp3\">usagers-transports-haut-allier-totem-8h00-08aout2014.mp3<\/a><br \/>\n&nbsp;<br \/>\n&#8211; Le Progr\u00e8s La Tribune du 8 aout 2014 :<br \/>\n<img decoding=\"async\" src=\"IMG\/jpg\/leprogres-edition-de-la-haute-loire_20140808n.jpg\" alt=\"leprogres-edition-de-la-haute-loire_20140808n.jpg\" align=\"center\" \/><br \/>\n&nbsp;<br \/>\n&#8211; <a href=\"https:\/\/fr-fr.facebook.com\/paroledecheminots\">Paroles de cheminots <\/a> le 7 aout 2014 :<br \/>\n<img decoding=\"async\" src=\"IMG\/jpg\/article-parole-de-cheminots-7aout2014.jpg\" alt=\"article-parole-de-cheminots-7aout2014.jpg\" align=\"center\" \/><br \/>\n&nbsp;<br \/>\n&#8211; FM43 le 7 aout 2014 :<br \/>\n<img decoding=\"async\" src=\"IMG\/jpg\/articlefm43-7aout2014.jpg\" alt=\"articlefm43-7aout2014.jpg\" align=\"center\" \/><br \/>\n&nbsp;<br \/>\n&#8211; <a href=\"http:\/\/intermodalites.com\">Intermodalit\u00e9s.com<\/a> le 7 aout 2014 :<br \/>\n<img decoding=\"async\" src=\"IMG\/jpg\/article-intermodalite-com-7aout2014.jpg\" alt=\"article-intermodalite-com-7aout2014.jpg\" align=\"center\" \/><br \/>\n&nbsp;<br \/>\n&#8211; France Bleu Pays d&rsquo;Auvergne journal de 9 heures du 6 ao\u00fbt 2014 :<br \/>\n<a href=\"IMG\/mp3\/usagers-transports-haut-allier-france-bleu-pays-auvergne-9h00-06aout2014.mp3\">usagers-transports-haut-allier-france-bleu-pays-auvergne-9h00-06aout2014.mp3<\/a><\/p>\n<p>&#8211; France Bleu Gard Loz\u00e8re journal de 7 heures du 5 ao\u00fbt 2014 :<br \/>\n<a href=\"IMG\/mp3\/usagers-transports-haut-allier-France-Bleu-Gard-Lozere-journal-7h00.mp3\">usagers-transports-haut-allier-France-Bleu-Gard-Lozere-journal-7h00.mp3<\/a><\/p>\n<p>Le script :<\/p>\n<p>[(<br \/>\nLa SNCF ferait-elle tout pour fermer la ligne N\u00eemes-Clermont Ferrand\u00a0? C\u2019est en tout cas ce que croit le collectif d\u2019usagers du transport du Haut Allier. La compagnie emp\u00eacherait la vente des tickets pour tricher sur la fr\u00e9quentation de la ligne, selon le collectif, ce qui pourrait entra\u00eener la fermeture de la liaison des C\u00e9vennes. Le collectif maintenant demande des explications et vient d\u2019\u00e9crire au ministre des transports et au PDG de la SNCF.<br \/>\n)]<\/p>\n<p>&#8211; France Bleu Gard Loz\u00e8re journal de 8 heures du 5 ao\u00fbt 2014 :<br \/>\n<a href=\"IMG\/mp3\/usagers-transports-haut-allier-france-bleu-gard-lozere-05aout2014-8h00.mp3\">usagers-transports-haut-allier-france-bleu-gard-lozere-05aout2014-8h00.mp3<\/a><\/p>\n<p>Le script :<\/p>\n<p>[(<br \/>\nLa col\u00e8re des usagers de la ligne ferroviaire des C\u00e9vennes. Vous \u00eates peut-\u00eatre d\u00e9j\u00e0 mont\u00e9 \u00e0 bord de ce train qui relie N\u00eemes \u00e0 Clermont Ferrand. Les usagers soup\u00e7onnent la SNCF de vouloir fermer cette ligne. Elle tricherait, la SNCF, sur les chiffres de la fr\u00e9quentation en emp\u00eachant la vente des tickets. Les explications de Marc Gouttebroze, le porte-parole du collectif des usagers des transports du Haut Allier.<br \/>\n&nbsp;<br \/>\n<em>\u00ab\u00a0Nous avons eu le t\u00e9moignage de plusieurs voyageurs qui, une fois dans le train, se voient refuser l\u2019\u00e9dition de leurs billets. Les petites gares dans les gorges du Haut Allier n\u2019ont pas de distributeur de billets donc normalement c\u2019est le contr\u00f4leur qui doit \u00e9diter leurs billets, et il se pr\u00e9sente pas et ils sont introuvables. Le pr\u00e9texte, c\u2019est que dans les gorges du Haut Allier, les r\u00e9seaux de t\u00e9l\u00e9phonie mobile ne passent pas et la confection d\u2019un billet se fait avec leur terminal qui est connect\u00e9 au r\u00e9seau. On croit \u00e0 la bonne foi des contr\u00f4leurs \u00e9ventuellement mais nous, ce qu\u2019on refuse de prendre en compte c\u2019est les statistiques de fr\u00e9quentation de la ligne du c\u00e9venole. On est tr\u00e8s, tr\u00e8s m\u00e9fiants, on craint que la SNCF prenne ce pr\u00e9texte encore et ferme la ligne.\u00a0\u00bb<\/em><\/p>\n<p>)]<\/p>\n<p>&#8211; <a href=\"http:\/\/mon43.fr\/actualite-47997-nouveau-coup-gueule-du-collectif-des-usagers-des-transports-du-haut-allier.html\">Mon43.fr <\/a> \u00e9dition du 4 ao\u00fbt 2014 :<br \/>\n&nbsp;<br \/>\n<img decoding=\"async\" src=\"IMG\/jpg\/Nouveau_coup_de_gueule_du_collectif_des_usagers_des_transports_du_Haut-Allier_mon43-fr.jpg\" alt=\"Nouveau_coup_de_gueule_du_collectif_des_usagers_des_transports_du_Haut-Allier_mon43-fr.jpg\" align=\"center\" \/><br \/>\n&nbsp;<\/p>\n","protected":false},"excerpt":{"rendered":"<p>[article du 30 juillet] &nbsp; Toutes nos infos convergent pour confirmer qu&rsquo;un voyageur qui monte actuellement dans un<\/p>\n","protected":false},"author":1,"featured_media":0,"comment_status":"closed","ping_status":"open","sticky":false,"template":"","format":"standard","meta":{"footnotes":""},"categories":[3],"tags":[],"class_list":["post-139","post","type-post","status-publish","format-standard","hentry","category-en-train"],"_links":{"self":[{"href":"https:\/\/usagers-transports.haut-allier.eu\/index.php\/wp-json\/wp\/v2\/posts\/139","targetHints":{"allow":["GET"]}}],"collection":[{"href":"https:\/\/usagers-transports.haut-allier.eu\/index.php\/wp-json\/wp\/v2\/posts"}],"about":[{"href":"https:\/\/usagers-transports.haut-allier.eu\/index.php\/wp-json\/wp\/v2\/types\/post"}],"author":[{"embeddable":true,"href":"https:\/\/usagers-transports.haut-allier.eu\/index.php\/wp-json\/wp\/v2\/users\/1"}],"replies":[{"embeddable":true,"href":"https:\/\/usagers-transports.haut-allier.eu\/index.php\/wp-json\/wp\/v2\/comments?post=139"}],"version-history":[{"count":0,"href":"https:\/\/usagers-transports.haut-allier.eu\/index.php\/wp-json\/wp\/v2\/posts\/139\/revisions"}],"wp:attachment":[{"href":"https:\/\/usagers-transports.haut-allier.eu\/index.php\/wp-json\/wp\/v2\/media?parent=139"}],"wp:term":[{"taxonomy":"category","embeddable":true,"href":"https:\/\/usagers-transports.haut-allier.eu\/index.php\/wp-json\/wp\/v2\/categories?post=139"},{"taxonomy":"post_tag","embeddable":true,"href":"https:\/\/usagers-transports.haut-allier.eu\/index.php\/wp-json\/wp\/v2\/tags?post=139"}],"curies":[{"name":"wp","href":"https:\/\/api.w.org\/{rel}","templated":true}]}}