{"id":140,"date":"2014-08-03T18:17:59","date_gmt":"2014-08-03T16:17:59","guid":{"rendered":"http:\/\/5.45.101.177\/haut-allier\/usagers-transportse\/index.php\/2014\/08\/03\/ligne-du-train-cevenol-la-gare-d140\/"},"modified":"2014-08-03T18:17:59","modified_gmt":"2014-08-03T16:17:59","slug":"ligne-du-train-cevenol-la-gare-d140","status":"publish","type":"post","link":"https:\/\/usagers-transports.haut-allier.eu\/index.php\/2014\/08\/03\/ligne-du-train-cevenol-la-gare-d140\/","title":{"rendered":"Ligne du train C\u00e9venol : la gare d&rsquo;Alleyras enfin rafraichie"},"content":{"rendered":"<p>Suite \u00e0 notre <a href=\"http:\/\/usagers-transports.haut-allier.eu\/spip.php?article106\">coup de gueule <\/a> et comme le courrier de la SNCF Auvergne nous l&rsquo;indiquait le 6 juin, la gare &#8211; halte d&rsquo;Alleyras en plein coeur des gorges du Haut Allier vient d&rsquo;\u00eatre \u00ab\u00a0rafraichie\u00a0\u00bb.  Traduisez repeinte.<br \/>\n&nbsp;<br \/>\nDe plus les panneaux d&rsquo;information ont \u00e9t\u00e9 d\u00e9plac\u00e9s et sont maintenant mieux \u00e0 l&rsquo;abri et surtout bien \u00e9clair\u00e9s la nuit.<br \/>\n&nbsp;<br \/>\nDont acte.<br \/>\n&nbsp;<br \/>\n<strong>En ce qui concerne : <\/strong><br \/>\n&#8211; le d\u00e9sherbage des voies,<br \/>\n&#8211; le rafraichissement en peinture des quais,<br \/>\n&#8211; le remplacement des lampadaires 1890 style,<br \/>\n&#8211; le panneau d&rsquo;information en temps r\u00e9el,<br \/>\n&#8211; le remplacement du t\u00e9l\u00e9phone de secours \u00e0 manivelle \u00e0 cornet&#8230;<\/p>\n<p><strong>&#8230;nous attendons toujours.<\/strong><br \/>\n&nbsp;<br \/>\n<img decoding=\"async\" src=\"IMG\/jpg\/IMG_20140803_131841w.jpg\" alt=\"IMG_20140803_131841w.jpg\" align=\"center\" \/><br \/>\n&nbsp;<br \/>\nSans vouloir encore \u00eatre mauvaise langue il parait qu&rsquo;au mois de juillet ce sont les trains voyageurs qui \u00e9laguaient eux-m\u00eame les arbres et la v\u00e9g\u00e9tation en passant \/ raclant. Heureusement cette derni\u00e8re semaine de d\u00e9but ao\u00fbt a vu une \u00e9quipe de nuit op\u00e9rer \u00e0 bord de deux vrombissantes machines \u00e9lagueuses. Tout vient \u00e0 point etc.<br \/>\n&nbsp;<\/p>\n","protected":false},"excerpt":{"rendered":"<p>Suite \u00e0 notre coup de gueule et comme le courrier de la SNCF Auvergne nous l&rsquo;indiquait le 6<\/p>\n","protected":false},"author":1,"featured_media":0,"comment_status":"closed","ping_status":"open","sticky":false,"template":"","format":"standard","meta":{"footnotes":""},"categories":[3],"tags":[],"class_list":["post-140","post","type-post","status-publish","format-standard","hentry","category-en-train"],"_links":{"self":[{"href":"https:\/\/usagers-transports.haut-allier.eu\/index.php\/wp-json\/wp\/v2\/posts\/140","targetHints":{"allow":["GET"]}}],"collection":[{"href":"https:\/\/usagers-transports.haut-allier.eu\/index.php\/wp-json\/wp\/v2\/posts"}],"about":[{"href":"https:\/\/usagers-transports.haut-allier.eu\/index.php\/wp-json\/wp\/v2\/types\/post"}],"author":[{"embeddable":true,"href":"https:\/\/usagers-transports.haut-allier.eu\/index.php\/wp-json\/wp\/v2\/users\/1"}],"replies":[{"embeddable":true,"href":"https:\/\/usagers-transports.haut-allier.eu\/index.php\/wp-json\/wp\/v2\/comments?post=140"}],"version-history":[{"count":0,"href":"https:\/\/usagers-transports.haut-allier.eu\/index.php\/wp-json\/wp\/v2\/posts\/140\/revisions"}],"wp:attachment":[{"href":"https:\/\/usagers-transports.haut-allier.eu\/index.php\/wp-json\/wp\/v2\/media?parent=140"}],"wp:term":[{"taxonomy":"category","embeddable":true,"href":"https:\/\/usagers-transports.haut-allier.eu\/index.php\/wp-json\/wp\/v2\/categories?post=140"},{"taxonomy":"post_tag","embeddable":true,"href":"https:\/\/usagers-transports.haut-allier.eu\/index.php\/wp-json\/wp\/v2\/tags?post=140"}],"curies":[{"name":"wp","href":"https:\/\/api.w.org\/{rel}","templated":true}]}}