{"id":1406,"date":"2012-09-02T22:20:00","date_gmt":"2012-09-02T20:20:00","guid":{"rendered":"http:\/\/5.45.101.177\/haut-allier\/usagers-transportse\/index.php\/2012\/09\/02\/ligne-du-cevenol-plus-aucun-train001\/"},"modified":"2012-09-02T22:20:00","modified_gmt":"2012-09-02T20:20:00","slug":"ligne-du-cevenol-plus-aucun-train001","status":"publish","type":"post","link":"https:\/\/usagers-transports.haut-allier.eu\/index.php\/2012\/09\/02\/ligne-du-cevenol-plus-aucun-train001\/","title":{"rendered":"Ligne du C\u00e9venol : plus aucun train jusqu&rsquo;au 7 d\u00e9cembre ! [MAJ]"},"content":{"rendered":"<p>Le site TER annonce laconiquement : \u00ab\u00a0Du 08 juil au 07 d\u00e9cembre, des travaux entre Clermont-Fd et N\u00eemes n\u00e9cessitent un plan de transport adapt\u00e9 : consultez ou t\u00e9l\u00e9chargez l&rsquo;affiche\u00a0\u00bb. <br \/>Le site Voyages SNCF lui, ne r\u00e9pond carr\u00e9ment plus. <br \/>On pensera ce que l&rsquo;on voudra, mais voil\u00e0 qui est tr\u00e9s peu favorable aux changements des habitudes ! On continuera donc \u00e0 prendre nos v\u00e9hicules et \u00e0 d\u00e9penser beaucoup de carburant sur les routes du massif central ! <br \/>Et c&rsquo;est sans compter les gr\u00e8ves \u00e0 r\u00e9p\u00e9tititon, les al\u00e9as (&hellip;)<\/p>\n","protected":false},"excerpt":{"rendered":"<p>Le site TER annonce laconiquement : \u00ab\u00a0Du 08 juil au 07 d\u00e9cembre, des travaux entre Clermont-Fd et N\u00eemes<\/p>\n","protected":false},"author":1,"featured_media":0,"comment_status":"closed","ping_status":"open","sticky":false,"template":"","format":"standard","meta":{"footnotes":""},"categories":[2],"tags":[],"class_list":["post-1406","post","type-post","status-publish","format-standard","hentry","category-infos"],"_links":{"self":[{"href":"https:\/\/usagers-transports.haut-allier.eu\/index.php\/wp-json\/wp\/v2\/posts\/1406","targetHints":{"allow":["GET"]}}],"collection":[{"href":"https:\/\/usagers-transports.haut-allier.eu\/index.php\/wp-json\/wp\/v2\/posts"}],"about":[{"href":"https:\/\/usagers-transports.haut-allier.eu\/index.php\/wp-json\/wp\/v2\/types\/post"}],"author":[{"embeddable":true,"href":"https:\/\/usagers-transports.haut-allier.eu\/index.php\/wp-json\/wp\/v2\/users\/1"}],"replies":[{"embeddable":true,"href":"https:\/\/usagers-transports.haut-allier.eu\/index.php\/wp-json\/wp\/v2\/comments?post=1406"}],"version-history":[{"count":0,"href":"https:\/\/usagers-transports.haut-allier.eu\/index.php\/wp-json\/wp\/v2\/posts\/1406\/revisions"}],"wp:attachment":[{"href":"https:\/\/usagers-transports.haut-allier.eu\/index.php\/wp-json\/wp\/v2\/media?parent=1406"}],"wp:term":[{"taxonomy":"category","embeddable":true,"href":"https:\/\/usagers-transports.haut-allier.eu\/index.php\/wp-json\/wp\/v2\/categories?post=1406"},{"taxonomy":"post_tag","embeddable":true,"href":"https:\/\/usagers-transports.haut-allier.eu\/index.php\/wp-json\/wp\/v2\/tags?post=1406"}],"curies":[{"name":"wp","href":"https:\/\/api.w.org\/{rel}","templated":true}]}}