{"id":141,"date":"2014-09-19T06:25:00","date_gmt":"2014-09-19T04:25:00","guid":{"rendered":"http:\/\/5.45.101.177\/haut-allier\/usagers-transportse\/index.php\/2014\/09\/19\/comment-plomber-la-saison141\/"},"modified":"2014-09-19T06:25:00","modified_gmt":"2014-09-19T04:25:00","slug":"comment-plomber-la-saison141","status":"publish","type":"post","link":"https:\/\/usagers-transports.haut-allier.eu\/index.php\/2014\/09\/19\/comment-plomber-la-saison141\/","title":{"rendered":"Comment plomber la saison touristique d&rsquo;Alleyras ? En gravillonnant les routes d&rsquo;acc\u00e8s ! [MAJ] [R\u00e9ponse du CG43]"},"content":{"rendered":"<p>Le conseil g\u00e9n\u00e9ral de Haute-Loire s&rsquo;en charge, et le fait parfaitement :<br \/>\n&nbsp;<br \/>\n&#8211; premi\u00e8re action pendant 10 jours fin juillet d\u00e9but ao\u00fbt sur la route Saugues &#8211; Alleyras, la D33, depuis le carrefour de la baraque du Chaumas jusqu&rsquo;au Pont d&rsquo;Alleyras avec un gravillonnage \u00e9pais et total sur les 4 kms emp\u00eachant toute circulation de motos et de v\u00e9los sur cet axe principal et touristique, dangereux qui plus est avec ravins et tournants.<br \/>\n&nbsp;<br \/>\n<img decoding=\"async\" src=\"IMG\/jpg\/gravillon-alleyras-00.jpg\" alt=\"gravillon-alleyras-00.jpg\" align=\"center\" \/><br \/>\n<em>Non ce ne sont pas de gros gr\u00ealons, c&rsquo;est le gravillon de la D33 pris en photo de nuit. Apr\u00e8s plusieurs jours on voit les sillons creus\u00e9s par les automobiles<\/em><br \/>\n&nbsp;<\/p>\n<p>&#8211; deuxi\u00e8me action depuis le 13 ao\u00fbt jusqu&rsquo;\u00e0&#8230; on ne sait pas, sur la route D34 Saint-Jean Lachalm vers Alleyras jusqu&rsquo;au Villard sur ses 4 kms aussi avec l\u00e0 encore un gravillonnage tr\u00e8s \u00e9pais et total. Axe le plus utilis\u00e9 par les personnes de la vall\u00e9e pour se rendre au Puy. Les v\u00e9los et les motos sont donc proscrits sur cette route.<br \/>\n&nbsp;<br \/>\n<img decoding=\"async\" src=\"IMG\/jpg\/gravillons-le-villard.jpg\" alt=\"gravillons-le-villard.jpg\" align=\"center\" \/><br \/>\n<em>Le d\u00e9but du tron\u00e7on de 4 kilom\u00e8tres compl\u00e8tement inaccessible aux motos et v\u00e9los<\/em><br \/>\n&nbsp;<\/p>\n<p><strong>De qui se moque-t-on ? Qui a pris cette d\u00e9cision imb\u00e9cile au service des routes du conseil g\u00e9n\u00e9ral ? <\/strong><br \/>\n&nbsp;<br \/>\n<strong>Le CG43 veut-il plomber la saison d&rsquo;Alleyras qui n&rsquo;en a pas besoin ? <\/strong><br \/>\n&nbsp;<br \/>\n<strong>L&rsquo;accident survenu le 14 aout ne suffit-il pas \u00e0 s&rsquo;interroger sur le bien fond\u00e9 de ce gravillonnage en plein \u00e9t\u00e9 ?<\/strong><br \/>\n&nbsp;<br \/>\n<img decoding=\"async\" src=\"IMG\/jpg\/La_voiture_derape_a_Saint-Jean-Lachalm_mon43-fr_-_2014-08-18_07-55-31.jpg\" alt=\"La_voiture_derape_a_Saint-Jean-Lachalm_mon43-fr_-_2014-08-18_07-55-31.jpg\" align=\"center\" \/><br \/>\n&nbsp;<br \/>\n<strong>Notre collectif vient d&rsquo;adresser une lettre de protestation. <\/strong><br \/>\n&nbsp;<br \/>\n<strong>Avec le d\u00e9neigement tr\u00e8s insuffisant de la portion de D33 l&rsquo;hiver on se demande quels sont les objectifs cach\u00e9s de la collectivit\u00e9 locale pour Alleyras.<\/strong><br \/>\n&nbsp;<br \/>\n<img decoding=\"async\" src=\"IMG\/jpg\/gravillons-carte.jpg\" alt=\"gravillons-carte.jpg\" align=\"center\" \/><br \/>\n&nbsp;<br \/>\nLa lettre au conseil g\u00e9n\u00e9ral de Haute-Loire :<br \/>\n&nbsp;<br \/>\n<a href=\"IMG\/pdf\/usagers-transports-haut-allier-cg43-18082014-gravillonnage-D34-D33-alleyras.pdf\">usagers-transports-haut-allier-cg43-18082014-gravillonnage-D34-D33-alleyras.pdf<\/a><br \/>\n&nbsp;<br \/>\n<strong>[Mise \u00e0 jour du 19 ao\u00fbt]<\/strong><\/p>\n<p><strong>Deuxi\u00e8me accident <\/strong> sur la m\u00eame portion !!! Qu&rsquo;attend le conseil g\u00e9n\u00e9ral pour r\u00e9agir ? 10 accidents ?<\/p>\n<p><img decoding=\"async\" src=\"IMG\/jpg\/Saint-Jean-Lachalm_une_quadragenaire_chute_a_moto_sur_zoomdici-fr__Zoom43-fr_et_Zoom42-fr__-_2014-08-19_18-25-30.jpg\" alt=\"Saint-Jean-Lachalm_une_quadragenaire_chute_a_moto_sur_zoomdici-fr__Zoom43-fr_et_Zoom42-fr__-_2014-08-19_18-25-30.jpg\" align=\"center\" \/><br \/>\n&nbsp;<\/p>\n<p><strong>Au suivant !<\/strong><br \/>\n&nbsp;<br \/>\n<strong>[Mise \u00e0 jour du 19 septembre]<\/strong><br \/>\n&nbsp;<br \/>\nLe CG 43 botte en touche en ce qui concerne le gravillonnage : tout va bien aucune remise en question. Nous attendrons donc la r\u00e9union concernant le d\u00e9neigement avec int\u00e9r\u00eat.<br \/>\n&nbsp;<br \/>\n<a href=\"IMG\/pdf\/CCF19092014_00001.pdf\">CCF19092014_00001.pdf<\/a><br \/>\n<a href=\"IMG\/pdf\/CCF19092014_00000.pdf\">CCF19092014_00000.pdf<\/a><\/p>\n","protected":false},"excerpt":{"rendered":"<p>Le conseil g\u00e9n\u00e9ral de Haute-Loire s&rsquo;en charge, et le fait parfaitement : &nbsp; &#8211; premi\u00e8re action pendant 10<\/p>\n","protected":false},"author":1,"featured_media":0,"comment_status":"closed","ping_status":"open","sticky":false,"template":"","format":"standard","meta":{"footnotes":""},"categories":[9],"tags":[],"class_list":["post-141","post","type-post","status-publish","format-standard","hentry","category-en-auto"],"_links":{"self":[{"href":"https:\/\/usagers-transports.haut-allier.eu\/index.php\/wp-json\/wp\/v2\/posts\/141","targetHints":{"allow":["GET"]}}],"collection":[{"href":"https:\/\/usagers-transports.haut-allier.eu\/index.php\/wp-json\/wp\/v2\/posts"}],"about":[{"href":"https:\/\/usagers-transports.haut-allier.eu\/index.php\/wp-json\/wp\/v2\/types\/post"}],"author":[{"embeddable":true,"href":"https:\/\/usagers-transports.haut-allier.eu\/index.php\/wp-json\/wp\/v2\/users\/1"}],"replies":[{"embeddable":true,"href":"https:\/\/usagers-transports.haut-allier.eu\/index.php\/wp-json\/wp\/v2\/comments?post=141"}],"version-history":[{"count":0,"href":"https:\/\/usagers-transports.haut-allier.eu\/index.php\/wp-json\/wp\/v2\/posts\/141\/revisions"}],"wp:attachment":[{"href":"https:\/\/usagers-transports.haut-allier.eu\/index.php\/wp-json\/wp\/v2\/media?parent=141"}],"wp:term":[{"taxonomy":"category","embeddable":true,"href":"https:\/\/usagers-transports.haut-allier.eu\/index.php\/wp-json\/wp\/v2\/categories?post=141"},{"taxonomy":"post_tag","embeddable":true,"href":"https:\/\/usagers-transports.haut-allier.eu\/index.php\/wp-json\/wp\/v2\/tags?post=141"}],"curies":[{"name":"wp","href":"https:\/\/api.w.org\/{rel}","templated":true}]}}