{"id":142,"date":"2014-09-02T12:08:23","date_gmt":"2014-09-02T10:08:23","guid":{"rendered":"http:\/\/5.45.101.177\/haut-allier\/usagers-transportse\/index.php\/2014\/09\/02\/toujours-moins-de-service-sncf-a142\/"},"modified":"2014-09-02T12:08:23","modified_gmt":"2014-09-02T10:08:23","slug":"toujours-moins-de-service-sncf-a142","status":"publish","type":"post","link":"https:\/\/usagers-transports.haut-allier.eu\/index.php\/2014\/09\/02\/toujours-moins-de-service-sncf-a142\/","title":{"rendered":"Toujours moins de service SNCF \u00e0 prix \u00e9gal : la dur\u00e9e de validit\u00e9 des billets TER et Intercit\u00e9s r\u00e9duite \u00e0 7 jours !"},"content":{"rendered":"<p>Nouveau coup dur pour les usagers : l&rsquo;entreprise de l&rsquo;ind\u00e9boulonnable Monsieur P\u00e9py vient de r\u00e9duire la dur\u00e9e de validit\u00e9 des billets TER et Intercit\u00e9s de deux mois \u00e0&#8230; 7 jours !<br \/>\n&nbsp;<br \/>\n<strong>Pr\u00e9somption de culpabilit\u00e9 pour tous <\/strong><br \/>\n&nbsp;<br \/>\nLa soci\u00e9t\u00e9 dite ferroviaire prend le faux pr\u00e9texte de lutte contre la fraude, et elle prend surtout une fois de plus les utilisateurs honn\u00eates en otage. Nous pensons qu&rsquo;il s&rsquo;agit d&rsquo;essayer plut\u00f4t de r\u00e9cup\u00e9rer le co\u00fbt des billets non utilis\u00e9s pour telle ou telle raison. La SNCF ferait mieux de se pr\u00e9cipiter pour faire payer les voyageurs des gares sans distributeurs qui montent \u00e0 bord des trains et qui <a href=\"http:\/\/usagers-transports.haut-allier.eu\/spip.php?article139\">ont du mal \u00e0 rencontrer un contr\u00f4leur<\/a> ! Mais c&rsquo;est normal, elle veut d\u00e9sormais d\u00e9velopper des TER SANS contr\u00f4leurs. C&rsquo;est nouveau. Chez nous. Pas ailleurs, en Suisse il y a bien longtemps que les trains sont pourvus de d&rsquo;oblit\u00e9rateurs dans les rames.<br \/>\n&nbsp;<br \/>\n<em> <strong>Alors qu&rsquo;elle installe des distributeurs de billets qui fonctionnent dans les gares qui en sont d\u00e9pourvues la SNCF !<\/strong> <\/em><br \/>\n&nbsp;<br \/>\n<em> <strong>Qu&rsquo;elle installe des poin\u00e7onneuses dans tous les trains la SNCF !<\/strong> <\/em><br \/>\n&nbsp;<br \/>\n<em> <strong>Apr\u00e8s elle pourra \u00e9liminer tous les contr\u00f4leurs qu&rsquo;elle veut la SNCF !<\/strong> <\/em><br \/>\n&nbsp;<br \/>\n<strong>Une r\u00e9duction des services bien cach\u00e9e<\/strong><br \/>\n&nbsp;<br \/>\nEn tous cas vous pourrez vous lever t\u00f4t pour trouver une quelconque information sur cette r\u00e9duction de validit\u00e9 sur les sites traditionnels de r\u00e9servation ou d&rsquo;information TER ou SNCF ! La SNCF commet ses m\u00e9faits dans l&rsquo;ombre. Il faut fouiller pour tomber dans une section d\u00e9di\u00e9e aux journalistes sur le communiqu\u00e9 suivant, enfoui sous une tonne d&rsquo;articles d&rsquo;auto-glorification sans int\u00e9r\u00eat :<br \/>\n&nbsp;<br \/>\n<a href=\"IMG\/pdf\/presse_ter-valifite-billets-transports_26-08-2014.pdf\">presse_ter-valifite-billets-transports_26-08-2014.pdf<\/a><br \/>\n&nbsp;<br \/>\nLa SNCF n&rsquo;en est pas \u00e0 son coup d&rsquo;essai : en r\u00e9gion PACA et en Languedoc Roussillon la dur\u00e9e de validit\u00e9 des titres de transports est d\u00e9j\u00e0 scandaleusement de 24 heures depuis des lustres.<br \/>\n&nbsp;<br \/>\n<em> <strong>Nous lui proposons mieux \u00e0 la SNCF : qu&rsquo;elle r\u00e9duise la dur\u00e9e de validit\u00e9 du billet \u00e0 <em>10 minutes<\/em>. Si pas oblit\u00e9r\u00e9, le titre sera p\u00e9rim\u00e9. Il sera encore plus simple de prendre le train et elle escroquera encore plus de sous sous aux usagers.<\/strong> <\/em><br \/>\n&nbsp;<br \/>\n<strong>Dans la presse :<\/strong><br \/>\n&nbsp;<br \/>\n&#8211; <a href=\"http:\/\/www.lemonde.fr\/economie\/article\/2014\/09\/02\/la-sncf-reduit-la-duree-de-validite-des-billets-de-ter_4480381_3234.html\">Le Monde<\/a><br \/>\n&#8211; <a href=\"http:\/\/www.rtl.fr\/actu\/societe-faits-divers\/sncf-la-validite-des-billets-ter-et-intercites-passe-de-deux-mois-a-une-semaine-7773945445\">RTL<\/a><\/p>\n","protected":false},"excerpt":{"rendered":"<p>Nouveau coup dur pour les usagers : l&rsquo;entreprise de l&rsquo;ind\u00e9boulonnable Monsieur P\u00e9py vient de r\u00e9duire la dur\u00e9e de<\/p>\n","protected":false},"author":1,"featured_media":0,"comment_status":"closed","ping_status":"open","sticky":false,"template":"","format":"standard","meta":{"footnotes":""},"categories":[3],"tags":[],"class_list":["post-142","post","type-post","status-publish","format-standard","hentry","category-en-train"],"_links":{"self":[{"href":"https:\/\/usagers-transports.haut-allier.eu\/index.php\/wp-json\/wp\/v2\/posts\/142","targetHints":{"allow":["GET"]}}],"collection":[{"href":"https:\/\/usagers-transports.haut-allier.eu\/index.php\/wp-json\/wp\/v2\/posts"}],"about":[{"href":"https:\/\/usagers-transports.haut-allier.eu\/index.php\/wp-json\/wp\/v2\/types\/post"}],"author":[{"embeddable":true,"href":"https:\/\/usagers-transports.haut-allier.eu\/index.php\/wp-json\/wp\/v2\/users\/1"}],"replies":[{"embeddable":true,"href":"https:\/\/usagers-transports.haut-allier.eu\/index.php\/wp-json\/wp\/v2\/comments?post=142"}],"version-history":[{"count":0,"href":"https:\/\/usagers-transports.haut-allier.eu\/index.php\/wp-json\/wp\/v2\/posts\/142\/revisions"}],"wp:attachment":[{"href":"https:\/\/usagers-transports.haut-allier.eu\/index.php\/wp-json\/wp\/v2\/media?parent=142"}],"wp:term":[{"taxonomy":"category","embeddable":true,"href":"https:\/\/usagers-transports.haut-allier.eu\/index.php\/wp-json\/wp\/v2\/categories?post=142"},{"taxonomy":"post_tag","embeddable":true,"href":"https:\/\/usagers-transports.haut-allier.eu\/index.php\/wp-json\/wp\/v2\/tags?post=142"}],"curies":[{"name":"wp","href":"https:\/\/api.w.org\/{rel}","templated":true}]}}