{"id":143,"date":"2014-09-11T06:44:25","date_gmt":"2014-09-11T04:44:25","guid":{"rendered":"http:\/\/5.45.101.177\/haut-allier\/usagers-transportse\/index.php\/2014\/09\/11\/l-emblematique-train-jaune143\/"},"modified":"2014-09-11T06:44:25","modified_gmt":"2014-09-11T04:44:25","slug":"l-emblematique-train-jaune143","status":"publish","type":"post","link":"https:\/\/usagers-transports.haut-allier.eu\/index.php\/2014\/09\/11\/l-emblematique-train-jaune143\/","title":{"rendered":"L&#8217;embl\u00e9matique Train Jaune abandonn\u00e9 par la SNCF et par feu Bourquin : \u00e0 qui le tour ? Au C\u00e9venol et \u00e0 l&rsquo;Aubrac ?"},"content":{"rendered":"<p>Le train jaune, merveille du transport pyr\u00e9n\u00e9en est en basse d&rsquo;\u00eatre jet\u00e9 aux oubliettes par les comptes \u00e0 court terme et le d\u00e9sint\u00e9r\u00eat des collectivit\u00e9s comme la r\u00e9gion Languedoc-Roussillon ainsi que de la SNCF. Nous vous en parlons car c&rsquo;est la cons\u00e9quence type du tout TGV pr\u00f4n\u00e9 par les politiques et P\u00e9py depuis des d\u00e9cennies en France. Son cas est exemplaire et il n&rsquo;a pour sa d\u00e9fense pas grand monde. En transposant un peu les lignes du C\u00e9venol et de l&rsquo;Aubrac sont un peu mieux trait\u00e9es, parce qu&rsquo;elles sont encore nationales.<br \/>\n&nbsp;<br \/>\nVoici le script du reportage diffus\u00e9 ce 10 septembre par France 3 LR de la grogne des agents SNCF de cette ligne venus manifester \u00e0 Montpellier :<br \/>\n&nbsp;<\/p>\n<p>[(<br \/>\nC&rsquo;est l&rsquo;un des trains les plus connus et le plus embl\u00e9matique de la r\u00e9gion. Le Train Jaune. Un train aujourd&rsquo;hui menac\u00e9. La ligne Font-Romeu la Tour de Carol pourrait dispara\u00eetre en 2016 selon les cheminots qui sont venus se faire entendre.<br \/>\n&nbsp;<br \/>\nUne vingtaine du personnel du train jaune devant la direction r\u00e9gionale de la SNCF \u00e0 Montpellier pour demander des garanties sur le maintien de la ligne ferroviaire qui depuis plus d&rsquo;un si\u00e8cle assure la desserte de nombreux villages entre Perpignan et la Tour de Carol. Mais la SNCF comme la r\u00e9gion ne veulent plus ou ne peuvent plus financer l&rsquo;entretien de ce train jaune \u00e9valu\u00e9 \u00e0 125 millions d&rsquo;euros. La d\u00e9l\u00e9gation syndicale est ressortie d\u00e9\u00e7ue de sa r\u00e9union.<br \/>\n&nbsp;<br \/>\nJulien Berthelemy, d\u00e9l\u00e9gu\u00e9 CGT SNCF pour le Train Jaune :<br \/>\n<strong>\u00ab\u00a0Aujourd&rsquo;hui ce qu&rsquo;ils proposent c&rsquo;est rien justement\u00a0! Ils proposent la d\u00e9gradation des conditions de travail, moins de trains qu&rsquo;avant, des tarifs qui sont prohibitifs. Voil\u00e0 ce qu&rsquo;il se passe et le constat il est clair sur le train jaune\u00a0: c&rsquo;est qu&rsquo;on \u00e9tait \u00e0 400 000 voyageurs il y a dix ans et aujourd&rsquo;hui on est \u00e0 180 peut-\u00eatre&#8230; 160. Voil\u00e0. On a divis\u00e9 par deux ou par trois la fr\u00e9quentation du train parce que les choix politiques qui ont \u00e9t\u00e9 fait sur le train ils sont pas bons\u00a0!\u00a0\u00bb <\/strong><br \/>\n&nbsp;<br \/>\nEt \u00e0 l&rsquo;\u00e9ch\u00e9ance de septembre 2015 c&rsquo;est le tron\u00e7on Font-Romeu la Tour de Carol qui pourrait dispara\u00eetre si aucun financement n&rsquo;\u00e9tait accord\u00e9 \u00e0 temps. Une situation qui pourrait menacer des emplois et restreindre l&rsquo;offre de transport pour les usagers. Si l&rsquo;id\u00e9e d&rsquo;une cr\u00e9ation de soci\u00e9t\u00e9 \u00e0 \u00e9conomie mixte pour g\u00e9rer le train jaune fait son chemin le personnel lui ne comprend pas un tel d\u00e9sint\u00e9r\u00eat des pouvoirs publics. La direction de la SNCF n&rsquo;a pas souhait\u00e9 nous parler devant la cam\u00e9ra mais nous a confirm\u00e9 son engagement pour le contrat de ligne jusqu&rsquo;en&#8230; janvier 2016.<br \/>\n)]<br \/>\n&nbsp;<br \/>\n<img decoding=\"async\" src=\"IMG\/jpg\/trainjaune.jpg\" alt=\"trainjaune.jpg\" align=\"center\" \/><\/p>\n","protected":false},"excerpt":{"rendered":"<p>Le train jaune, merveille du transport pyr\u00e9n\u00e9en est en basse d&rsquo;\u00eatre jet\u00e9 aux oubliettes par les comptes \u00e0<\/p>\n","protected":false},"author":1,"featured_media":0,"comment_status":"closed","ping_status":"open","sticky":false,"template":"","format":"standard","meta":{"footnotes":""},"categories":[3],"tags":[],"class_list":["post-143","post","type-post","status-publish","format-standard","hentry","category-en-train"],"_links":{"self":[{"href":"https:\/\/usagers-transports.haut-allier.eu\/index.php\/wp-json\/wp\/v2\/posts\/143","targetHints":{"allow":["GET"]}}],"collection":[{"href":"https:\/\/usagers-transports.haut-allier.eu\/index.php\/wp-json\/wp\/v2\/posts"}],"about":[{"href":"https:\/\/usagers-transports.haut-allier.eu\/index.php\/wp-json\/wp\/v2\/types\/post"}],"author":[{"embeddable":true,"href":"https:\/\/usagers-transports.haut-allier.eu\/index.php\/wp-json\/wp\/v2\/users\/1"}],"replies":[{"embeddable":true,"href":"https:\/\/usagers-transports.haut-allier.eu\/index.php\/wp-json\/wp\/v2\/comments?post=143"}],"version-history":[{"count":0,"href":"https:\/\/usagers-transports.haut-allier.eu\/index.php\/wp-json\/wp\/v2\/posts\/143\/revisions"}],"wp:attachment":[{"href":"https:\/\/usagers-transports.haut-allier.eu\/index.php\/wp-json\/wp\/v2\/media?parent=143"}],"wp:term":[{"taxonomy":"category","embeddable":true,"href":"https:\/\/usagers-transports.haut-allier.eu\/index.php\/wp-json\/wp\/v2\/categories?post=143"},{"taxonomy":"post_tag","embeddable":true,"href":"https:\/\/usagers-transports.haut-allier.eu\/index.php\/wp-json\/wp\/v2\/tags?post=143"}],"curies":[{"name":"wp","href":"https:\/\/api.w.org\/{rel}","templated":true}]}}