{"id":144,"date":"2014-09-16T16:43:43","date_gmt":"2014-09-16T14:43:43","guid":{"rendered":"http:\/\/5.45.101.177\/haut-allier\/usagers-transportse\/index.php\/2014\/09\/16\/jusqu-au-22-09-le-trajet-clermont144\/"},"modified":"2014-09-16T16:43:43","modified_gmt":"2014-09-16T14:43:43","slug":"jusqu-au-22-09-le-trajet-clermont144","status":"publish","type":"post","link":"https:\/\/usagers-transports.haut-allier.eu\/index.php\/2014\/09\/16\/jusqu-au-22-09-le-trajet-clermont144\/","title":{"rendered":"Jusqu&rsquo;au 22\/09 le trajet Clermont Nimes par le C\u00e9venol en super promo 15 euros !"},"content":{"rendered":"<p><img decoding=\"async\" src=\"IMG\/png\/Selectionnez_votre_aller_-_2014-09-16_18-26-21.png\" alt=\"Selectionnez_votre_aller_-_2014-09-16_18-26-21.png\" align=\"center\" \/><br \/>\n&nbsp;<br \/>\nSuite \u00e0 notre <strong><a href=\"http:\/\/usagers-transports.haut-allier.eu\/spip.php?article134\">coup de gueule du 20 mai<\/a><\/strong> dernier concernant l&rsquo;exclusion du train C\u00e9venol des tarifs promotions Intercit\u00e9s, la SNCF nous avait promis le 11 juin, dans une <strong>lettre<\/strong> qui est accessible en mise \u00e0 jour dans le m\u00eame article, qu&rsquo;elle testerait l&rsquo;application des prochaines promotions sur le train C\u00e9venol. Et elle a tenu parole puisque elle annonce une promo \u00e0 15 euros le Clermont-N\u00eemes jusqu&rsquo;au 22 septembre. D\u00e9p\u00eachez vous ! Vous pouvez commander sur Internet, par t\u00e9l\u00e9phone, ou dans les guichets.<br \/>\n&nbsp;<br \/>\nAttention !!! Il faut si on commande sur <strong><a href=\"http:\/\/www.voyages-sncf.com\/promotion-train\/multi\/promo-septembre\">Internet utiliser cette adresse et seulement<\/a><\/strong>.<br \/>\n&nbsp;<br \/>\nMerci qui ?<br \/>\n&nbsp;<br \/>\n<img decoding=\"async\" src=\"IMG\/png\/Selectionnez_votre_aller_-_2014-09-16_18-25-51.png\" alt=\"Selectionnez_votre_aller_-_2014-09-16_18-25-51.png\" align=\"center\" \/><br \/>\n<img decoding=\"async\" src=\"IMG\/png\/Selectionnez_votre_aller_-_2014-09-16_18-25-21.png\" alt=\"Selectionnez_votre_aller_-_2014-09-16_18-25-21.png\" align=\"center\" \/><br \/>\n&nbsp;<br \/>\n<strong>Attention encore : comme vous le pouvez le constater sur les captures d&rsquo;\u00e9cran les TER ne sont pas concern\u00e9s.<\/strong><\/p>\n","protected":false},"excerpt":{"rendered":"<p>&nbsp; Suite \u00e0 notre coup de gueule du 20 mai dernier concernant l&rsquo;exclusion du train C\u00e9venol des tarifs<\/p>\n","protected":false},"author":1,"featured_media":0,"comment_status":"closed","ping_status":"open","sticky":false,"template":"","format":"standard","meta":{"footnotes":""},"categories":[3],"tags":[],"class_list":["post-144","post","type-post","status-publish","format-standard","hentry","category-en-train"],"_links":{"self":[{"href":"https:\/\/usagers-transports.haut-allier.eu\/index.php\/wp-json\/wp\/v2\/posts\/144","targetHints":{"allow":["GET"]}}],"collection":[{"href":"https:\/\/usagers-transports.haut-allier.eu\/index.php\/wp-json\/wp\/v2\/posts"}],"about":[{"href":"https:\/\/usagers-transports.haut-allier.eu\/index.php\/wp-json\/wp\/v2\/types\/post"}],"author":[{"embeddable":true,"href":"https:\/\/usagers-transports.haut-allier.eu\/index.php\/wp-json\/wp\/v2\/users\/1"}],"replies":[{"embeddable":true,"href":"https:\/\/usagers-transports.haut-allier.eu\/index.php\/wp-json\/wp\/v2\/comments?post=144"}],"version-history":[{"count":0,"href":"https:\/\/usagers-transports.haut-allier.eu\/index.php\/wp-json\/wp\/v2\/posts\/144\/revisions"}],"wp:attachment":[{"href":"https:\/\/usagers-transports.haut-allier.eu\/index.php\/wp-json\/wp\/v2\/media?parent=144"}],"wp:term":[{"taxonomy":"category","embeddable":true,"href":"https:\/\/usagers-transports.haut-allier.eu\/index.php\/wp-json\/wp\/v2\/categories?post=144"},{"taxonomy":"post_tag","embeddable":true,"href":"https:\/\/usagers-transports.haut-allier.eu\/index.php\/wp-json\/wp\/v2\/tags?post=144"}],"curies":[{"name":"wp","href":"https:\/\/api.w.org\/{rel}","templated":true}]}}