{"id":145,"date":"2014-09-18T12:53:53","date_gmt":"2014-09-18T10:53:53","guid":{"rendered":"http:\/\/5.45.101.177\/haut-allier\/usagers-transportse\/index.php\/2014\/09\/18\/jusqu-au-22-09-les-retours-ter-a145\/"},"modified":"2014-09-18T12:53:53","modified_gmt":"2014-09-18T10:53:53","slug":"jusqu-au-22-09-les-retours-ter-a145","status":"publish","type":"post","link":"https:\/\/usagers-transports.haut-allier.eu\/index.php\/2014\/09\/18\/jusqu-au-22-09-les-retours-ter-a145\/","title":{"rendered":"Jusqu&rsquo;au 22\/09 les retours TER \u00e0 un euro en Auvergne !"},"content":{"rendered":"<p>\u00c0 l\u2019occasion de la semaine de la mobilit\u00e9 du mardi 16 au lundi 22 septembre, le Conseil R\u00e9gional d\u2019Auvergne et le TER Auvergne reconduisent l\u2019op\u00e9ration \u00ab Retour TER \u00e0 1\u20ac \u00bb (trains et cars TER). voyagez \u00e0 prix l\u00e9ger ! Pour l\u2019achat d\u2019un billet Aller TER \u00e0 votre tarif habituel, la r\u00e9gion Auvergne et SNCF offrent le Retour \u00e0 1\u20ac.<br \/>\n&nbsp;<br \/>\nToutes les infos <a href=\"https:\/\/www.ter.sncf.com\/auvergne\/loisirs\/evenement\/semaine-mobilite\">ici<\/a>.<br \/>\n&nbsp;<br \/>\nC&rsquo;est Byzance non ?<\/p>\n","protected":false},"excerpt":{"rendered":"<p>\u00c0 l\u2019occasion de la semaine de la mobilit\u00e9 du mardi 16 au lundi 22 septembre, le Conseil R\u00e9gional<\/p>\n","protected":false},"author":1,"featured_media":0,"comment_status":"closed","ping_status":"open","sticky":false,"template":"","format":"standard","meta":{"footnotes":""},"categories":[3],"tags":[],"class_list":["post-145","post","type-post","status-publish","format-standard","hentry","category-en-train"],"_links":{"self":[{"href":"https:\/\/usagers-transports.haut-allier.eu\/index.php\/wp-json\/wp\/v2\/posts\/145","targetHints":{"allow":["GET"]}}],"collection":[{"href":"https:\/\/usagers-transports.haut-allier.eu\/index.php\/wp-json\/wp\/v2\/posts"}],"about":[{"href":"https:\/\/usagers-transports.haut-allier.eu\/index.php\/wp-json\/wp\/v2\/types\/post"}],"author":[{"embeddable":true,"href":"https:\/\/usagers-transports.haut-allier.eu\/index.php\/wp-json\/wp\/v2\/users\/1"}],"replies":[{"embeddable":true,"href":"https:\/\/usagers-transports.haut-allier.eu\/index.php\/wp-json\/wp\/v2\/comments?post=145"}],"version-history":[{"count":0,"href":"https:\/\/usagers-transports.haut-allier.eu\/index.php\/wp-json\/wp\/v2\/posts\/145\/revisions"}],"wp:attachment":[{"href":"https:\/\/usagers-transports.haut-allier.eu\/index.php\/wp-json\/wp\/v2\/media?parent=145"}],"wp:term":[{"taxonomy":"category","embeddable":true,"href":"https:\/\/usagers-transports.haut-allier.eu\/index.php\/wp-json\/wp\/v2\/categories?post=145"},{"taxonomy":"post_tag","embeddable":true,"href":"https:\/\/usagers-transports.haut-allier.eu\/index.php\/wp-json\/wp\/v2\/tags?post=145"}],"curies":[{"name":"wp","href":"https:\/\/api.w.org\/{rel}","templated":true}]}}