{"id":146,"date":"2014-09-25T11:00:10","date_gmt":"2014-09-25T09:00:10","guid":{"rendered":"http:\/\/5.45.101.177\/haut-allier\/usagers-transportse\/index.php\/2014\/09\/25\/ven-26-09-14-a-22h55-quel-avenir146\/"},"modified":"2014-09-25T11:00:10","modified_gmt":"2014-09-25T09:00:10","slug":"ven-26-09-14-a-22h55-quel-avenir146","status":"publish","type":"post","link":"https:\/\/usagers-transports.haut-allier.eu\/index.php\/2014\/09\/25\/ven-26-09-14-a-22h55-quel-avenir146\/","title":{"rendered":"Ven 26\/09\/14 \u00e0 22h55: Quel avenir pour le train Auvergnat ?"},"content":{"rendered":"<p>Vendredi 26 septembre \u00e0 22h55 le magazine mensuel de France 3 Auvergne &lsquo;Enqu\u00eate de R\u00e9gion&rsquo; consacre son num\u00e9ro de rentr\u00e9e \u00e0 la probl\u00e9matique du r\u00e9seau ferr\u00e9 auvergnat. Durant 52 minutes en direct depuis la gare de Clermont-Ferrand invit\u00e9s et reportages se succ\u00e8deront.<br \/>\n&nbsp;<br \/>\nNotre collectif d&rsquo;usagers interviendra \u00e9galement lors de cette \u00e9mission o\u00f9 devraient intervenir le directeur de la SNCF Auvergne Eric Cinotti, Luc Bourduge, le vice-pr\u00e9sident FDG du conseil r\u00e9gional, en charge des transports et Pierre Laederich, ex r\u00e9dacteur en chef de la revue &lsquo;Connaissance du Rail&rsquo;.<br \/>\n&nbsp;<br \/>\n<strong>Le replay vid\u00e9o int\u00e9gral au dessous de cet article.<\/strong><br \/>\n&nbsp;<br \/>\nPlus de pr\u00e9cisions ici sur le site de <a href=\"http:\/\/france3-regions.francetvinfo.fr\/auvergne\/emissions\/enquetes-de-regions-auvergne\/actu\/quel-avenir-pour-le-train-en-auvergne.html\">France 3 Auvergne<\/a>.<br \/>\n&nbsp;<br \/>\n<center><br \/>\n<iframe loading=\"lazy\" width=\"520\" height=\"292\" src=\"\/\/www.youtube.com\/embed\/tvqOm3f63F8?feature=player_embedded\" frameborder=\"0\" allowfullscreen><\/iframe><br \/>\n<\/center><\/p>\n","protected":false},"excerpt":{"rendered":"<p>Vendredi 26 septembre \u00e0 22h55 le magazine mensuel de France 3 Auvergne &lsquo;Enqu\u00eate de R\u00e9gion&rsquo; consacre son num\u00e9ro<\/p>\n","protected":false},"author":1,"featured_media":0,"comment_status":"closed","ping_status":"open","sticky":false,"template":"","format":"standard","meta":{"footnotes":""},"categories":[3],"tags":[],"class_list":["post-146","post","type-post","status-publish","format-standard","hentry","category-en-train"],"_links":{"self":[{"href":"https:\/\/usagers-transports.haut-allier.eu\/index.php\/wp-json\/wp\/v2\/posts\/146","targetHints":{"allow":["GET"]}}],"collection":[{"href":"https:\/\/usagers-transports.haut-allier.eu\/index.php\/wp-json\/wp\/v2\/posts"}],"about":[{"href":"https:\/\/usagers-transports.haut-allier.eu\/index.php\/wp-json\/wp\/v2\/types\/post"}],"author":[{"embeddable":true,"href":"https:\/\/usagers-transports.haut-allier.eu\/index.php\/wp-json\/wp\/v2\/users\/1"}],"replies":[{"embeddable":true,"href":"https:\/\/usagers-transports.haut-allier.eu\/index.php\/wp-json\/wp\/v2\/comments?post=146"}],"version-history":[{"count":0,"href":"https:\/\/usagers-transports.haut-allier.eu\/index.php\/wp-json\/wp\/v2\/posts\/146\/revisions"}],"wp:attachment":[{"href":"https:\/\/usagers-transports.haut-allier.eu\/index.php\/wp-json\/wp\/v2\/media?parent=146"}],"wp:term":[{"taxonomy":"category","embeddable":true,"href":"https:\/\/usagers-transports.haut-allier.eu\/index.php\/wp-json\/wp\/v2\/categories?post=146"},{"taxonomy":"post_tag","embeddable":true,"href":"https:\/\/usagers-transports.haut-allier.eu\/index.php\/wp-json\/wp\/v2\/tags?post=146"}],"curies":[{"name":"wp","href":"https:\/\/api.w.org\/{rel}","templated":true}]}}