{"id":147,"date":"2014-09-29T05:23:46","date_gmt":"2014-09-29T03:23:46","guid":{"rendered":"http:\/\/5.45.101.177\/haut-allier\/usagers-transportse\/index.php\/2014\/09\/29\/ligne-du-train-cevenol-releve-de147\/"},"modified":"2014-09-29T05:23:46","modified_gmt":"2014-09-29T03:23:46","slug":"ligne-du-train-cevenol-releve-de147","status":"publish","type":"post","link":"https:\/\/usagers-transports.haut-allier.eu\/index.php\/2014\/09\/29\/ligne-du-train-cevenol-releve-de147\/","title":{"rendered":"Ligne du train C\u00e9venol : relev\u00e9 de la vitesse \u00e0 70 kms\/h entre Langogne et Chapeauroux"},"content":{"rendered":"<p>C&rsquo;est France 3 Auvergne qui nous l&rsquo;apprend : depuis vendredi 26 septembre <strong>la vitesse sur la ligne des C\u00e9vennes vient d&rsquo;\u00eatre pass\u00e9e de 40 \u00e0 70 kms\/h sur le tron\u00e7on Langogne et Monistrol d&rsquo;Allier.<\/strong><br \/>\n&nbsp;<br \/>\nBizarre non ? Juste le jour de la diffusion du magazine de France 3 Auvergne &lsquo;Enqu\u00eates de r\u00e9gions&rsquo; dont le th\u00e8me \u00e9tait <em><a href=\"http:\/\/usagers-transports.haut-allier.eu\/spip.php?article146\">Quel Avenir pour le train en Auvergne ?<\/a><\/em> o\u00f9 le directeur r\u00e9gional SNCF \u00e9tait invit\u00e9.<br \/>\n&nbsp;<br \/>\nMais toujours pas de rel\u00e8vement sur le tron\u00e7on Monistrol Chapeauroux limit\u00e9 \u00e0 40 alors que de l&rsquo;aveu des agents SNCF qui contr\u00f4lent les voies eux-m\u00eames, le tron\u00e7on est depuis pr\u00e8s d&rsquo;un an pr\u00eat \u00e0 \u00e9galement \u00eatre relev\u00e9.<br \/>\n&nbsp;<br \/>\n<strong>Le collectif des usagers des transports du Haut Allier se bat pour ce relev\u00e9 depuis plusieurs ann\u00e9es t\u00e9moins les articles <a href=\"http:\/\/usagers-transports.haut-allier.eu\/spip.php?article105\">ici<\/a>, <a href=\"http:\/\/usagers-transports.haut-allier.eu\/spip.php?article68\">ici<\/a>, <a href=\"http:\/\/usagers-transports.haut-allier.eu\/spip.php?article79\">ici<\/a>, <a href=\"http:\/\/usagers-transports.haut-allier.eu\/spip.php?article138\">ici<\/a>, <a href=\"http:\/\/usagers-transports.haut-allier.eu\/spip.php?article126\">ici<\/a> et <a href=\"http:\/\/usagers-transports.haut-allier.eu\/spip.php?article68\">l\u00e0<\/a>. L&rsquo;info de France 3 ne le dit pas.<\/strong><br \/>\n&nbsp;<br \/>\nUn peu plus d&rsquo;attractivit\u00e9 pour la ligne. On esp\u00e8re que le relev\u00e9 du dernier tron\u00e7on Monistrol Alleyras Chapeauroux aura lieu pour les nouveaux horaires de d\u00e9but d\u00e9cembre ! Le gain de temps sur tous les trajets sera cons\u00e9quent. Nous verrons.<br \/>\n&nbsp;<br \/>\nEn tous cas l&rsquo;info se trouve ici sur le <a href=\"http:\/\/france3-regions.francetvinfo.fr\/auvergne\/2014\/09\/28\/le-cevenol-retrouve-fiere-allure-dans-les-gorges-de-l-allier-560172.html\">site de France 3 Auvergne<\/a>.<\/p>\n","protected":false},"excerpt":{"rendered":"<p>C&rsquo;est France 3 Auvergne qui nous l&rsquo;apprend : depuis vendredi 26 septembre la vitesse sur la ligne des<\/p>\n","protected":false},"author":1,"featured_media":0,"comment_status":"closed","ping_status":"open","sticky":false,"template":"","format":"standard","meta":{"footnotes":""},"categories":[3],"tags":[],"class_list":["post-147","post","type-post","status-publish","format-standard","hentry","category-en-train"],"_links":{"self":[{"href":"https:\/\/usagers-transports.haut-allier.eu\/index.php\/wp-json\/wp\/v2\/posts\/147","targetHints":{"allow":["GET"]}}],"collection":[{"href":"https:\/\/usagers-transports.haut-allier.eu\/index.php\/wp-json\/wp\/v2\/posts"}],"about":[{"href":"https:\/\/usagers-transports.haut-allier.eu\/index.php\/wp-json\/wp\/v2\/types\/post"}],"author":[{"embeddable":true,"href":"https:\/\/usagers-transports.haut-allier.eu\/index.php\/wp-json\/wp\/v2\/users\/1"}],"replies":[{"embeddable":true,"href":"https:\/\/usagers-transports.haut-allier.eu\/index.php\/wp-json\/wp\/v2\/comments?post=147"}],"version-history":[{"count":0,"href":"https:\/\/usagers-transports.haut-allier.eu\/index.php\/wp-json\/wp\/v2\/posts\/147\/revisions"}],"wp:attachment":[{"href":"https:\/\/usagers-transports.haut-allier.eu\/index.php\/wp-json\/wp\/v2\/media?parent=147"}],"wp:term":[{"taxonomy":"category","embeddable":true,"href":"https:\/\/usagers-transports.haut-allier.eu\/index.php\/wp-json\/wp\/v2\/categories?post=147"},{"taxonomy":"post_tag","embeddable":true,"href":"https:\/\/usagers-transports.haut-allier.eu\/index.php\/wp-json\/wp\/v2\/tags?post=147"}],"curies":[{"name":"wp","href":"https:\/\/api.w.org\/{rel}","templated":true}]}}