{"id":148,"date":"2014-10-03T05:58:58","date_gmt":"2014-10-03T03:58:58","guid":{"rendered":"http:\/\/5.45.101.177\/haut-allier\/usagers-transportse\/index.php\/2014\/10\/03\/collectif-des-usagers-des148\/"},"modified":"2014-10-03T05:58:58","modified_gmt":"2014-10-03T03:58:58","slug":"collectif-des-usagers-des148","status":"publish","type":"post","link":"https:\/\/usagers-transports.haut-allier.eu\/index.php\/2014\/10\/03\/collectif-des-usagers-des148\/","title":{"rendered":"Collectif des Usagers des Transports du Haut-Allier : Appel \u00e0 participation"},"content":{"rendered":"<p>Pour des raisons personnelles le porte-parole \/animateur \/r\u00e9dacteur etc. du collectif se retire. Nous faisons donc un appel \u00e0 ceux ou celles qui veulent continuer l&rsquo;action de d\u00e9fense des usagers dans le Haut-Allier pour qu&rsquo;ils se manifestent et reprennent le flambeau. Merci de vous <a href=\"mailto:marcgout@no-log.org\"><strong>signaler<\/strong><\/a>.<\/p>\n","protected":false},"excerpt":{"rendered":"<p>Pour des raisons personnelles le porte-parole \/animateur \/r\u00e9dacteur etc. du collectif se retire. Nous faisons donc un appel<\/p>\n","protected":false},"author":1,"featured_media":0,"comment_status":"closed","ping_status":"open","sticky":false,"template":"","format":"standard","meta":{"footnotes":""},"categories":[2],"tags":[],"class_list":["post-148","post","type-post","status-publish","format-standard","hentry","category-infos"],"_links":{"self":[{"href":"https:\/\/usagers-transports.haut-allier.eu\/index.php\/wp-json\/wp\/v2\/posts\/148","targetHints":{"allow":["GET"]}}],"collection":[{"href":"https:\/\/usagers-transports.haut-allier.eu\/index.php\/wp-json\/wp\/v2\/posts"}],"about":[{"href":"https:\/\/usagers-transports.haut-allier.eu\/index.php\/wp-json\/wp\/v2\/types\/post"}],"author":[{"embeddable":true,"href":"https:\/\/usagers-transports.haut-allier.eu\/index.php\/wp-json\/wp\/v2\/users\/1"}],"replies":[{"embeddable":true,"href":"https:\/\/usagers-transports.haut-allier.eu\/index.php\/wp-json\/wp\/v2\/comments?post=148"}],"version-history":[{"count":0,"href":"https:\/\/usagers-transports.haut-allier.eu\/index.php\/wp-json\/wp\/v2\/posts\/148\/revisions"}],"wp:attachment":[{"href":"https:\/\/usagers-transports.haut-allier.eu\/index.php\/wp-json\/wp\/v2\/media?parent=148"}],"wp:term":[{"taxonomy":"category","embeddable":true,"href":"https:\/\/usagers-transports.haut-allier.eu\/index.php\/wp-json\/wp\/v2\/categories?post=148"},{"taxonomy":"post_tag","embeddable":true,"href":"https:\/\/usagers-transports.haut-allier.eu\/index.php\/wp-json\/wp\/v2\/tags?post=148"}],"curies":[{"name":"wp","href":"https:\/\/api.w.org\/{rel}","templated":true}]}}