{"id":15,"date":"2010-05-15T08:42:00","date_gmt":"2010-05-15T06:42:00","guid":{"rendered":"http:\/\/5.45.101.177\/haut-allier\/usagers-transportse\/index.php\/2010\/05\/15\/le-rassemblement-du-14-mai-2010-a015\/"},"modified":"2010-05-15T08:42:00","modified_gmt":"2010-05-15T06:42:00","slug":"le-rassemblement-du-14-mai-2010-a015","status":"publish","type":"post","link":"https:\/\/usagers-transports.haut-allier.eu\/index.php\/2010\/05\/15\/le-rassemblement-du-14-mai-2010-a015\/","title":{"rendered":"Le rassemblement du 14 Mai 2010 \u00e0 Langogne pour le C\u00e9venol"},"content":{"rendered":"<p><strong>Gros succ\u00e8s pour le rassemblement du 14 mai 2010 en gare de Langogne<\/strong> pour le maintien et l&rsquo;am\u00e9lioration du C\u00e9venol \u00e0 l&rsquo;appel de l&rsquo;association des \u00e9lus pour la d\u00e9fense du C\u00e9venol et de la ligne Paris-N\u00eemes. A 15 heures d\u00e9j\u00e0 600 personnes s&rsquo;\u00e9taient regroup\u00e9es pacifiquement sur les <a href=\"http:\/\/alleyras.capitale.dulibre.net\/IMG\/jpg\/langogne-manif-cevenol-03.jpg\">quais<\/a>.<br \/>\nA 15h35 les \u00e9lus pr\u00e9sents remettaient au conducteur du premier train arrivant de Clermont, sous les applaudissements, <strong>le troph\u00e9e du train le plus lent d&rsquo;Europe<\/strong>. Un grand merci pour cel\u00e0 \u00e0 la SNCF, un grand merci pour cel\u00e0 au conseil r\u00e9gional Auvergne ainsi qu&rsquo;au conseil r\u00e9gional Languedoc Rousssillon pour qui le tron\u00e7on ferroviaire Labastide \/ Saint-Georges d&rsquo;Aurac et les villes et villages desservis, pratiquement toute la vall\u00e9e du Haut Allier, ne pr\u00e9sente aucun int\u00e9r\u00eat, qu&rsquo;on le sache haut et fort : les liaisons TER Clermont vers le Puy en Velay ou pour le Languedoc Roussillon Montpellier vers Mende leur suffisent ! Il faut bien contenter les amis politiques des capitales d\u00e9partementales. Le reste n&rsquo;a que peu de <a href=\"http:\/\/alleyras.capitale.dulibre.net\/IMG\/jpg\/langogne-manif-cevenol-02.jpg\">poids<\/a>.<br \/>\nPour exemple la petite gare de Chadenet en Loz\u00e8re, 100 habitants, situ\u00e9e sur la transversale loz\u00e9rienne Marvejols Mende Labastide est dot\u00e9e de 9, NEUF !!! trains par jour toute l&rsquo;ann\u00e9e, et Alleyras situ\u00e9e sur la voie nationale Paris Marseille se voit dot\u00e9e d&rsquo;UN train par jour dans un seul sens ! Un aller sans retour en quelque sorte ! Et de plus vers 20 heures sans correspondance au terminus de N\u00eemes. Les discours des uns et des autres ont \u00e9clair\u00e9 un peu plus sur les carences et la volont\u00e9 claire de la SNCF de tout faire pour enterrer la ligne. Nous demandons aux conseils r\u00e9gionaux Auvergne et Languedoc Roussillon de se mettre d&rsquo;urgence autour de la table pour discuter de la question. Un expert a \u00e9t\u00e9 mandat\u00e9 par l&rsquo;association des \u00e9lus pour la d\u00e9fense du C\u00e9venol \u00e0 Brioude pour r\u00e9pondre coup par coup aux arguments de la SNCF pour ne plus assurer le service public dont elle est  garante. Ne pas oublier de signer la p\u00e9tition en fin de l&rsquo;article <strong>Sauvons notre gare<\/strong>.<\/p>\n<p><strong>Et dans les m\u00e9dias :<\/strong><\/p>\n<p>Les quelques secondes diffus\u00e9es sur <a href=\"http:\/\/alleyras.capitale.dulibre.net\/IMG\/mp4\/journal-france3sud-lr-14-05_2010-19h.mp4\">France 3 Languedoc Roussillon<\/a> \u00e0 19 heures<br \/>\net celles de <a href=\"http:\/\/alleyras.capitale.dulibre.net\/IMG\/mp4\/journal-france3-rhone-alpes-auvergne-14-05-2010-19h.mp4\">France 3 Auvergne<\/a> au m\u00eame moment<br \/>\n<doc20|center><\/p>\n","protected":false},"excerpt":{"rendered":"<p>Gros succ\u00e8s pour le rassemblement du 14 mai 2010 en gare de Langogne pour le maintien et l&rsquo;am\u00e9lioration<\/p>\n","protected":false},"author":1,"featured_media":0,"comment_status":"closed","ping_status":"open","sticky":false,"template":"","format":"standard","meta":{"footnotes":""},"categories":[2],"tags":[],"class_list":["post-15","post","type-post","status-publish","format-standard","hentry","category-infos"],"_links":{"self":[{"href":"https:\/\/usagers-transports.haut-allier.eu\/index.php\/wp-json\/wp\/v2\/posts\/15","targetHints":{"allow":["GET"]}}],"collection":[{"href":"https:\/\/usagers-transports.haut-allier.eu\/index.php\/wp-json\/wp\/v2\/posts"}],"about":[{"href":"https:\/\/usagers-transports.haut-allier.eu\/index.php\/wp-json\/wp\/v2\/types\/post"}],"author":[{"embeddable":true,"href":"https:\/\/usagers-transports.haut-allier.eu\/index.php\/wp-json\/wp\/v2\/users\/1"}],"replies":[{"embeddable":true,"href":"https:\/\/usagers-transports.haut-allier.eu\/index.php\/wp-json\/wp\/v2\/comments?post=15"}],"version-history":[{"count":0,"href":"https:\/\/usagers-transports.haut-allier.eu\/index.php\/wp-json\/wp\/v2\/posts\/15\/revisions"}],"wp:attachment":[{"href":"https:\/\/usagers-transports.haut-allier.eu\/index.php\/wp-json\/wp\/v2\/media?parent=15"}],"wp:term":[{"taxonomy":"category","embeddable":true,"href":"https:\/\/usagers-transports.haut-allier.eu\/index.php\/wp-json\/wp\/v2\/categories?post=15"},{"taxonomy":"post_tag","embeddable":true,"href":"https:\/\/usagers-transports.haut-allier.eu\/index.php\/wp-json\/wp\/v2\/tags?post=15"}],"curies":[{"name":"wp","href":"https:\/\/api.w.org\/{rel}","templated":true}]}}