{"id":150,"date":"2014-12-18T03:05:00","date_gmt":"2014-12-18T02:05:00","guid":{"rendered":"http:\/\/5.45.101.177\/haut-allier\/usagers-transportse\/index.php\/2014\/12\/18\/fermeture-des-gares-de-la-ligne-du150\/"},"modified":"2014-12-18T03:05:00","modified_gmt":"2014-12-18T02:05:00","slug":"fermeture-des-gares-de-la-ligne-du150","status":"publish","type":"post","link":"https:\/\/usagers-transports.haut-allier.eu\/index.php\/2014\/12\/18\/fermeture-des-gares-de-la-ligne-du150\/","title":{"rendered":"Fermeture des gares de la ligne du C\u00e9venol : manifestations et \u00e0 G\u00e9nolhac on distribue des ch\u00e2taignes \u00e0 la SNCF"},"content":{"rendered":"<p>La scandaleuse fermeture des gares gardoises et loz\u00e9riennes de la ligne des C\u00e9vennes : La Grand&rsquo;Combe, G\u00e9nolhac et Villefort \u00e0 partir du 1er janvier 2015 d\u00e9cid\u00e9es par la SNCF et feu la r\u00e9gion Languedoc Roussillon, pour des raisons toujours \u00e9conomiques, ne se passera pas dans le silence. Les collectifs et associations montent au cr\u00e9neau. Ainsi le comit\u00e9 de d\u00e9fense des services publics a protest\u00e9 contre la fermeture du guichet de la gare de G\u00e9nolhac en faisant la f\u00eate et en distribuant des ch\u00e2taignes.<br \/>\n&nbsp;<\/p>\n<p>&#8211; Voici le script du reportage de France 3 Languedoc Roussillon du 17 d\u00e9cembre 2014 :<\/p>\n<p>[(<br \/>\nMauvaise nouvelle si vous habitez en C\u00e9vennes et si vous prenez le train\u00a0: la SNCF vient d&rsquo;annoncer la fermeture des guichets \u00e0 Villefort, G\u00e9nolhac et la Grand Combe \u00e0 partir du 1er janvier. En clair elle abandonne peu \u00e0 peu ces gares qu&rsquo;elle juge peu rentables. Les \u00e9lus redoutent maintenant la disparition pure et simple du train dans ce secteur.<br \/>\n&nbsp;<br \/>\nPeu de voyageurs, quelques trains seulement chaque jour\u00a0: \u00e0 Villefort d&rsquo;un point de vue strictement comptable on est loin de la fr\u00e9quentation de la gare de Lyon mais pour les plus \u00e2g\u00e9s du coin cette ligne est au moins aussi importante.<br \/>\n&nbsp;<br \/>\n<em>\u00ab\u00a0Il faut qu&rsquo;elle reste la gare parce que c&rsquo;est un service pour tout le monde en fait.\u00a0\u00bb<\/em><br \/>\n&nbsp;<br \/>\nLa fermeture des guichets \u00e7a vous inqui\u00e8te\u00a0?<br \/>\n&nbsp;<br \/>\n<em>\u00ab\u00a0Ca m&rsquo;inqui\u00e8te parce que j&rsquo;habite \u00e0 25 kilom\u00e8tres d&rsquo;ici et c&rsquo;est quand m\u00eame le plus pr\u00e8s.\u00a0\u00bb <\/em><br \/>\n&nbsp;<br \/>\nN\u00eemes et Marseille au sud, Clermont et Paris au nord, la ligne des C\u00e9vennes joue un r\u00f4le vital contre l&rsquo;enclavement de l&rsquo;est de la Loz\u00e8re. Mais ce service public souffre, rigueur budg\u00e9taire oblige, sa faible rentabilit\u00e9 semble aujourd&rsquo;hui un handicap insurmontable. Aussi quand la nouvelle de la fermeture des guichets au 1er janvier prochain est tomb\u00e9e l&rsquo;inqui\u00e9tude pour la ligne s&rsquo;est transform\u00e9e en col\u00e8re.<br \/>\n&nbsp;<br \/>\nJean De Lescure, maire et conseil g\u00e9n\u00e9ral de Villefort :<br \/>\n<em>\u00ab\u00a0Il faut que la r\u00e9gion nous aide et emp\u00eache la fermeture du guichet. On assiste \u00e0 un d\u00e9mant\u00e8lement en r\u00e8gle de tous les services publics sur notre territoire, sur nos territoires ruraux en g\u00e9n\u00e9ral. Alors qu&rsquo;est-ce qu&rsquo;on veut\u00a0? Est-ce qu&rsquo;on veut que la  vie dans nos campagnes ne soit plus possible\u00a0?  Qu&rsquo;est-ce qu&rsquo;on veut\u00a0! Maintenant il y en a marre.\u00a0\u00bb<\/em><br \/>\n&nbsp;<br \/>\nSymbole de cette course effr\u00e9n\u00e9e aux \u00e9conomies, R\u00e9seau ferr\u00e9 de France a d\u00e9cid\u00e9 de couper les platanes centenaires qui bordent les quais de la gare, un choix qui \u00e9vitera \u00e0 l&rsquo;avenir de payer du personnel pour balayer les feuilles qui font patiner les trains en automne.<br \/>\n)]<br \/>\n&nbsp;<br \/>\n<a href=\"IMG\/avi\/usagers-transports-haut-allier-info-france3-lr-17decembre2014-fermeture-gares-ligne_cevennes.avi\">usagers-transports-haut-allier-info-france3-lr-17decembre2014-fermeture-gares-ligne_cevennes.avi<\/a><br \/>\n&nbsp;<br \/>\n&#8211; Voici l&rsquo;article de <a href=\"http:\/\/www.midilibre.fr\/2014\/12\/17\/a-genolhac-on-distribue-des-chataignes-a-la-sncf,1099441.php\">Midi Libre<\/a>.<br \/>\n&nbsp;<br \/>\n&#8211; Voici le script du reportage de France 3 Pays Gardois du 17 d\u00e9cembre 2014 :<br \/>\n&nbsp;<\/p>\n<p>[(<br \/>\nUne dr\u00f4le de f\u00eate en musique s\u2019est organis\u00e9e hier en gare de G\u00e9nolhac. Derri\u00e8re les flonflons se cachait une riposte collective \u00e0 la fermeture du guichet SNCF et de la perception annonc\u00e9e pour janvier.<br \/>\n&nbsp;<br \/>\n<em>\u00ab\u00a0Nous, on sait qu\u2019il y a 100 personnes ici qui prennent le train tous les jour en fait qui descendent et qui remontent. Donc la gare n\u2019est pas d\u00e9sert\u00e9e, c\u2019est pas vrai.\u00a0\u00bb<\/em><br \/>\n&nbsp;<br \/>\nSur le quai, une dizaine d\u2019\u00e9lus du canton, plusieurs centaines de villageois, 3 syndicats de cheminot, tous d\u00e9termin\u00e9s \u00e0 stopper le train c\u00e9venol, symbole de la bataille du rail.<br \/>\n&nbsp;<br \/>\n<em>\u00ab\u00a0Des ch\u00e2taignes de notre r\u00e9gion.\u00a0\u00bb<\/em><br \/>\n&nbsp;<br \/>\n<em>\u00ab\u00a0Heureux de d\u00e9fendre notre train. Nous en avons besoin pour vivre et vous \u00e9galement.\u00a0\u00bb<\/em><br \/>\n&nbsp;<br \/>\n\u00ab\u00a0Je suis compl\u00e8tement d\u2019accord avec vous et je prends tr\u00e8s souvent ce train et je trouve \u00e7a extr\u00eamement important qu\u2019on puisse encore avoir \u00e0 faire \u00e0 des guichets, \u00e0 un personnel.\u00a0\u00bb<br \/>\n&nbsp;<br \/>\nAlain Roulier, secr\u00e9taire comit\u00e9 d\u00e9fense services publics et des usagers en haute C\u00e9vennes :<br \/>\n<em>\u00ab\u00a0C\u2019est une menace dont on a vu\u2026 les habitants ressentent \u00e0 travers l\u2019exp\u00e9rience qui s\u2019est d\u00e9roul\u00e9e \u00e0 Chamborigaud o\u00f9 on a commenc\u00e9 \u00e0 pr\u00e9texter que leurs guichets n\u2019\u00e9taient pas suffisamment fr\u00e9quent\u00e9s pour leur supprimer d\u2019abord le guichet puis ensuite supprimer l\u2019arr\u00eat du train. Or pour nous, dans cette r\u00e9gion, le train c\u2019est quand m\u00eame un facteur vital.\u00a0\u00bb<\/em><br \/>\n&nbsp;<br \/>\nUsager \u2013 habitante de G\u00e9nolhac :<br \/>\n<em>\u00ab\u00a0Le train, ici, c\u2019est super important. Moi je\u2026 bon, mes enfants maintenant ils ont pass\u00e9 l\u2019\u00e2ge mais ils allaient \u00e0 N\u00eemes au lyc\u00e9e et ils prenaient le train.\u00a0\u00bb<\/em><br \/>\n&nbsp;<br \/>\n<em>\u00ab\u00a0Maintenant c\u2019est les petits-enfants.\u00a0\u00bb<\/em><br \/>\n&nbsp;<br \/>\nUsager \u2013 habitante de S\u00e9n\u00e9chas :<br \/>\n<em>\u00ab\u00a0L\u00e0, il faut qu\u2019on obtienne d\u2019avoir le guichet ouvert pour prendre n\u2019importe quel billet parce qu\u2019on a des connections internet d\u00e9j\u00e0 qui sont d\u00e9fectueuses dans le pays, beaucoup de zones blanches.\u00a0\u00bb<\/em><br \/>\n&nbsp;<br \/>\nDans un mois, le m\u00eame sc\u00e9nario est annonc\u00e9 en gare de Villefort et de la Grand Combe.<br \/>\n&nbsp;<br \/>\nGeorges Besse-Desmouli\u00e8res, maire de G\u00e9nolhac :<br \/>\n<em>\u00ab\u00a0La r\u00e9gion ne r\u00e9pond plus alors qu\u2019on avait le pr\u00e9sident du conseil g\u00e9n\u00e9ral, qui est devenu pr\u00e9sident de la r\u00e9gion maintenant. On pensait que \u00e7a allait changer mais \u00e7a a rien chang\u00e9.\u00a0\u00bb<\/em><br \/>\n&nbsp;<br \/>\nClaude Magnieux, comit\u00e9 d\u00e9fense services publics et des usagers des hautes C\u00e9vennes :<br \/>\n<em>\u00ab\u00a0Vous comprenez bien qu\u2019un emploi qui est supprim\u00e9 dans notre canton, c\u2019est des ch\u00f4meurs suppl\u00e9mentaires, des commerces qui se ferment. On ne peut pas le supporter.\u00a0\u00bb<\/em><br \/>\n&nbsp;<br \/>\nD\u00e9sormais, c\u2019est tout le secteur du haut Gard qui est touch\u00e9 par le d\u00e9mant\u00e8lement des diff\u00e9rents services publics.<br \/>\n)]<\/p>\n<p>&nbsp;<br \/>\n<em>\u00ab\u00a0Les solutions de remplacement propos\u00e9es par la SNCF tiennent du sketch. A d\u00e9couvrir, un grand moment de rigolade. Quant \u00e0 la r\u00e9gion LR elle n&rsquo;assume gu\u00e8re plus ses choix, elle \u00ab\u00a0n\u2019\u00e9tait pas joignable\u00a0\u00bb pour r\u00e9pondre \u00e0 la presse.\u00a0\u00bb <\/em> nous informe l&rsquo;association des usagers de la SNCF du Gard. <\/p>\n","protected":false},"excerpt":{"rendered":"<p>La scandaleuse fermeture des gares gardoises et loz\u00e9riennes de la ligne des C\u00e9vennes : La Grand&rsquo;Combe, G\u00e9nolhac et<\/p>\n","protected":false},"author":1,"featured_media":0,"comment_status":"closed","ping_status":"open","sticky":false,"template":"","format":"standard","meta":{"footnotes":""},"categories":[3],"tags":[],"class_list":["post-150","post","type-post","status-publish","format-standard","hentry","category-en-train"],"_links":{"self":[{"href":"https:\/\/usagers-transports.haut-allier.eu\/index.php\/wp-json\/wp\/v2\/posts\/150","targetHints":{"allow":["GET"]}}],"collection":[{"href":"https:\/\/usagers-transports.haut-allier.eu\/index.php\/wp-json\/wp\/v2\/posts"}],"about":[{"href":"https:\/\/usagers-transports.haut-allier.eu\/index.php\/wp-json\/wp\/v2\/types\/post"}],"author":[{"embeddable":true,"href":"https:\/\/usagers-transports.haut-allier.eu\/index.php\/wp-json\/wp\/v2\/users\/1"}],"replies":[{"embeddable":true,"href":"https:\/\/usagers-transports.haut-allier.eu\/index.php\/wp-json\/wp\/v2\/comments?post=150"}],"version-history":[{"count":0,"href":"https:\/\/usagers-transports.haut-allier.eu\/index.php\/wp-json\/wp\/v2\/posts\/150\/revisions"}],"wp:attachment":[{"href":"https:\/\/usagers-transports.haut-allier.eu\/index.php\/wp-json\/wp\/v2\/media?parent=150"}],"wp:term":[{"taxonomy":"category","embeddable":true,"href":"https:\/\/usagers-transports.haut-allier.eu\/index.php\/wp-json\/wp\/v2\/categories?post=150"},{"taxonomy":"post_tag","embeddable":true,"href":"https:\/\/usagers-transports.haut-allier.eu\/index.php\/wp-json\/wp\/v2\/tags?post=150"}],"curies":[{"name":"wp","href":"https:\/\/api.w.org\/{rel}","templated":true}]}}