{"id":151,"date":"2014-12-21T19:07:44","date_gmt":"2014-12-21T18:07:44","guid":{"rendered":"http:\/\/5.45.101.177\/haut-allier\/usagers-transportse\/index.php\/2014\/12\/21\/lignes-ter-en-languedoc-roussillon151\/"},"modified":"2014-12-21T19:07:44","modified_gmt":"2014-12-21T18:07:44","slug":"lignes-ter-en-languedoc-roussillon151","status":"publish","type":"post","link":"https:\/\/usagers-transports.haut-allier.eu\/index.php\/2014\/12\/21\/lignes-ter-en-languedoc-roussillon151\/","title":{"rendered":"Lignes TER en Languedoc-Roussillon : la r\u00e9gion et SNCF veulent fermer Carcassonne Quillan"},"content":{"rendered":"<p>Ca grinche aussi dans l&rsquo;Aude. Les usagers de la haute vall\u00e9e de l&rsquo;Aude sont victimes du d\u00e9sengagement de la r\u00e9gion LR sur ses territoires ruraux. Apr\u00e8s la Loz\u00e8re, le Gard, et le petit train jaune des Pyr\u00e9n\u00e9es Orientales voici bien s\u00fbr&#8230; le TER Carcassonne Quillan o\u00f9 la soci\u00e9t\u00e9 dite ferroviaire veut supprimer trains, guichets et gares pour les remplacer par des bus, comme en Loz\u00e8re. Sans doute les d\u00e9g\u00e2ts collat\u00e9raux de la tarification \u00e0 un euro le voyage qu&rsquo;a instaur\u00e9 la r\u00e9gion LR avec bient\u00f4t substitution compl\u00e8te par les bus.<br \/>\n&nbsp;<br \/>\nVivement que les politiciens responsables de feu la r\u00e9gion Languedoc Roussillon se dissolvent dans leur mariage forc\u00e9 avec Midi Pyr\u00e9n\u00e9es ! Peut-\u00eatre les languedociens et roussillonnais retrouveront-ils le respect de leurs territoires ruraux et de montagne en ce qui concernent le ferroviaire !<br \/>\n&nbsp;<br \/>\nEn tous cas les usagers manifestent \u00e0 Quillan, t\u00e9moin ce reportage de France 3 Languedoc Roussillon du dimanche 21 d\u00e9cembre 2014 dont voici le script :<\/p>\n<p>[(<\/p>\n<p>Ils ont donc profit\u00e9 du traditionnel passage du train de No\u00ebl pour se faire entendre\u00a0: les habitants de la haute vall\u00e9e de l&rsquo;Aude tr\u00e8s remont\u00e9s contre la SNCF. Ils \u00e9taient nombreux pour dire non \u00e0 la fermeture au 1er janvier du guichet de la gare de Quillan.<br \/>\n&nbsp;<br \/>\n<strong>\u00ab\u00a0Il n&rsquo;est pas question que cela se passe donc il faudra qu&rsquo;on se batte\u00a0!\u00a0\u00bb<\/strong><br \/>\n&nbsp;<br \/>\nLeur combat\u00a0: emp\u00eacher la fermeture de la gare de Quillan pr\u00e9vue pour le 1er janvier prochain. Aujourd\u2019hui ils \u00e9taient pr\u00e8s de 300 \u00e0 manifester et une p\u00e9tition a rassembl\u00e9 plus de 7000 signatures pour r\u00e9clamer la continuit\u00e9 du service public.<br \/>\n&nbsp;<br \/>\nAng\u00e8le Zamora, habitante de la Haute Vall\u00e9e :<br \/>\n<strong>\u00ab\u00a0A force d&rsquo;enlever tous les services publics, la ligne ferroviaire, l&rsquo;h\u00e9licopt\u00e8re pour le SAMU&#8230; on va \u00eatre compl\u00e8tement d\u00e9sert\u00e9&#8230;\u00a0\u00bb  <\/strong><br \/>\n&nbsp;<br \/>\nUne d\u00e9sertification que les habitants de la Haute Vall\u00e9e refusent\u00a0: en novembre dernier une d\u00e9l\u00e9gation de parlementaires de l&rsquo;Aude et des membres de l&rsquo;association pour le maintien et le d\u00e9veloppement de la ligne ferroviaire ont \u00e9t\u00e9 re\u00e7u au minist\u00e8re des transports. R\u00e9sultat\u00a0: l&rsquo;\u00e9tat s&rsquo;est engag\u00e9 \u00e0 r\u00e9aliser les travaux de r\u00e9g\u00e9n\u00e9ration sur la ligne Carcassonne Limoux. Pas suffisant pour l&rsquo;association qui demande des travaux plus ambitieux.<br \/>\n&nbsp;<br \/>\nPatrick Bacot, pr\u00e9sident ALF :<br \/>\n<strong>\u00ab\u00a0La modernisation. Plus d&rsquo;efficience. Avec des trains aux bons horaires. Donc le r\u00e9tablissement de la gare de Limoux. Plus de pertinence. Des arr\u00eats aux bons endroits pour desservir domicile \u2013 travail et domicile \u2013 \u00e9tudes. La Bouriette 1800 emplois, une zone travers\u00e9e par la ligne. 3\u00c8me point plus de coh\u00e9rence c&rsquo;est-\u00e0-dire plus de compl\u00e9mentarit\u00e9 entre les syst\u00e8mes de transport.\u00a0\u00bb<\/strong><br \/>\n&nbsp;<br \/>\nAujourd\u2019hui le traditionnel train de No\u00ebl d\u00e9posait des touristes mais de nombreux habitants de la haute vall\u00e9e craignent qu&rsquo;\u00e0 partir de 2018 les trains de Limoux \u00e0 Quillan soient remplac\u00e9s par un service de bus.<br \/>\n)]<\/p>\n<p><img decoding=\"async\" src=\"IMG\/jpg\/ter-quillan.jpg\" alt=\"ter-quillan.jpg\" align=\"center\" \/><\/p>\n","protected":false},"excerpt":{"rendered":"<p>Ca grinche aussi dans l&rsquo;Aude. Les usagers de la haute vall\u00e9e de l&rsquo;Aude sont victimes du d\u00e9sengagement de<\/p>\n","protected":false},"author":1,"featured_media":0,"comment_status":"closed","ping_status":"open","sticky":false,"template":"","format":"standard","meta":{"footnotes":""},"categories":[3],"tags":[],"class_list":["post-151","post","type-post","status-publish","format-standard","hentry","category-en-train"],"_links":{"self":[{"href":"https:\/\/usagers-transports.haut-allier.eu\/index.php\/wp-json\/wp\/v2\/posts\/151","targetHints":{"allow":["GET"]}}],"collection":[{"href":"https:\/\/usagers-transports.haut-allier.eu\/index.php\/wp-json\/wp\/v2\/posts"}],"about":[{"href":"https:\/\/usagers-transports.haut-allier.eu\/index.php\/wp-json\/wp\/v2\/types\/post"}],"author":[{"embeddable":true,"href":"https:\/\/usagers-transports.haut-allier.eu\/index.php\/wp-json\/wp\/v2\/users\/1"}],"replies":[{"embeddable":true,"href":"https:\/\/usagers-transports.haut-allier.eu\/index.php\/wp-json\/wp\/v2\/comments?post=151"}],"version-history":[{"count":0,"href":"https:\/\/usagers-transports.haut-allier.eu\/index.php\/wp-json\/wp\/v2\/posts\/151\/revisions"}],"wp:attachment":[{"href":"https:\/\/usagers-transports.haut-allier.eu\/index.php\/wp-json\/wp\/v2\/media?parent=151"}],"wp:term":[{"taxonomy":"category","embeddable":true,"href":"https:\/\/usagers-transports.haut-allier.eu\/index.php\/wp-json\/wp\/v2\/categories?post=151"},{"taxonomy":"post_tag","embeddable":true,"href":"https:\/\/usagers-transports.haut-allier.eu\/index.php\/wp-json\/wp\/v2\/tags?post=151"}],"curies":[{"name":"wp","href":"https:\/\/api.w.org\/{rel}","templated":true}]}}