{"id":155,"date":"2015-01-04T13:18:35","date_gmt":"2015-01-04T12:18:35","guid":{"rendered":"http:\/\/5.45.101.177\/haut-allier\/usagers-transportse\/index.php\/2015\/01\/04\/ligne-du-cevenol-agissons-contre155\/"},"modified":"2015-01-04T13:18:35","modified_gmt":"2015-01-04T12:18:35","slug":"ligne-du-cevenol-agissons-contre155","status":"publish","type":"post","link":"https:\/\/usagers-transports.haut-allier.eu\/index.php\/2015\/01\/04\/ligne-du-cevenol-agissons-contre155\/","title":{"rendered":"Ligne du C\u00e9venol : agissons contre la fermeture des guichets des gares !"},"content":{"rendered":"<p>Nos deux articles pr\u00e9c\u00e9dents ont \u00e9t\u00e9 pirat\u00e9s (on doit d\u00e9ranger !) mais ce n&rsquo;est pas grave, nous en remettons une couche. Il s&rsquo;agit de se rassembler nombreux pour faire annuler la d\u00e9cision de fermeture des guichets des gares des C\u00e9vennes impos\u00e9e par l&rsquo;entente SNCF &#8211; R\u00e9gion Languedoc Roussillon.<br \/>\n&nbsp;<br \/>\n<strong>Et nous annon\u00e7ons la prochaine manifestation ce VENDREDI 9 JANVIER 2015 \u00e0 15h devant la sous-pr\u00e9fecture d&rsquo;Al\u00e8s. Venez nombreux ! <\/strong><br \/>\n&nbsp;<br \/>\n<em>R\u00e9sum\u00e9 des \u00e9pisodes pr\u00e9c\u00e9dents, les manifestations des 12, 26 d\u00e9cembre et 2 janvier \u00e0 G\u00e9nolhac dans les m\u00e9dias :<\/em><br \/>\n&nbsp;<br \/>\n&#8211; sur la <a href=\"http:\/\/www.defense-promotion-cevenol.fr\/site\/Cevenols-mobilises-contre-la\">page de l&rsquo;association des \u00e9lus<\/a> pour la d\u00e9fense du C\u00e9venol<br \/>\n&#8211; sur le site de l&rsquo;<a href=\"http:\/\/usagerstergard.free.fr\/viewtopic.php?f=2&#038;t=400\">association des Usagers de la SNCF du Gard<\/a><\/p>\n","protected":false},"excerpt":{"rendered":"<p>Nos deux articles pr\u00e9c\u00e9dents ont \u00e9t\u00e9 pirat\u00e9s (on doit d\u00e9ranger !) mais ce n&rsquo;est pas grave, nous en<\/p>\n","protected":false},"author":1,"featured_media":0,"comment_status":"closed","ping_status":"open","sticky":false,"template":"","format":"standard","meta":{"footnotes":""},"categories":[3],"tags":[],"class_list":["post-155","post","type-post","status-publish","format-standard","hentry","category-en-train"],"_links":{"self":[{"href":"https:\/\/usagers-transports.haut-allier.eu\/index.php\/wp-json\/wp\/v2\/posts\/155","targetHints":{"allow":["GET"]}}],"collection":[{"href":"https:\/\/usagers-transports.haut-allier.eu\/index.php\/wp-json\/wp\/v2\/posts"}],"about":[{"href":"https:\/\/usagers-transports.haut-allier.eu\/index.php\/wp-json\/wp\/v2\/types\/post"}],"author":[{"embeddable":true,"href":"https:\/\/usagers-transports.haut-allier.eu\/index.php\/wp-json\/wp\/v2\/users\/1"}],"replies":[{"embeddable":true,"href":"https:\/\/usagers-transports.haut-allier.eu\/index.php\/wp-json\/wp\/v2\/comments?post=155"}],"version-history":[{"count":0,"href":"https:\/\/usagers-transports.haut-allier.eu\/index.php\/wp-json\/wp\/v2\/posts\/155\/revisions"}],"wp:attachment":[{"href":"https:\/\/usagers-transports.haut-allier.eu\/index.php\/wp-json\/wp\/v2\/media?parent=155"}],"wp:term":[{"taxonomy":"category","embeddable":true,"href":"https:\/\/usagers-transports.haut-allier.eu\/index.php\/wp-json\/wp\/v2\/categories?post=155"},{"taxonomy":"post_tag","embeddable":true,"href":"https:\/\/usagers-transports.haut-allier.eu\/index.php\/wp-json\/wp\/v2\/tags?post=155"}],"curies":[{"name":"wp","href":"https:\/\/api.w.org\/{rel}","templated":true}]}}