{"id":157,"date":"2015-01-05T16:13:05","date_gmt":"2015-01-05T15:13:05","guid":{"rendered":"http:\/\/5.45.101.177\/haut-allier\/usagers-transportse\/index.php\/2015\/01\/05\/languedoc-roussillon-et-ligne-du157\/"},"modified":"2015-01-05T16:13:05","modified_gmt":"2015-01-05T15:13:05","slug":"languedoc-roussillon-et-ligne-du157","status":"publish","type":"post","link":"https:\/\/usagers-transports.haut-allier.eu\/index.php\/2015\/01\/05\/languedoc-roussillon-et-ligne-du157\/","title":{"rendered":"Languedoc Roussillon et ligne du C\u00e9venol : la r\u00e9gion raye Chapeauroux [MAJ]"},"content":{"rendered":"<p>Chapeauroux est-elle une gare TER de la r\u00e9gion LR ? On en doute.<br \/>\n&nbsp;<br \/>\nC&rsquo;est tr\u00e8s \u00e9tonnant mais \u00e9difiant : sur aucune des cartes r\u00e9centes de la r\u00e9gion Languedoc Roussillon et de la SNCF, notamment sur celle du train \u00e0 un euro, Chapeauroux n&rsquo;appara\u00eet.<br \/>\n&nbsp;<br \/>\n<img decoding=\"async\" src=\"IMG\/jpg\/Carte_TR_LR-1E.jpg\" alt=\"Carte_TR_LR-1E.jpg\" align=\"center\" \/><br \/>\n<em>En zoomant sur le plan des gares TER \u00e0 un euro<\/em><br \/>\n&nbsp;<br \/>\n<img decoding=\"async\" src=\"IMG\/png\/Train_a_1EUR_-_2015-01-05_12-40-51.png\" alt=\"Train_a_1EUR_-_2015-01-05_12-40-51.png\" align=\"center\" \/><br \/>\n<em>Exclue des op\u00e9rations de la r\u00e9gion LR et de la SNCF<\/em><br \/>\n&nbsp;<br \/>\nC&rsquo;est la double peine : ignor\u00e9e de feu Montpellier capitale de r\u00e9gion car trop \u00e9loign\u00e9e sans doute, trop au nord et surtout sur aucun des trajets qui l&rsquo;int\u00e9resse, logiquement d\u00e9consid\u00e9r\u00e9e par la r\u00e9gion Auvergne puisque le village qui d\u00e9pend de la commune de Saint-Bonnet de Monteauroux est bien en Loz\u00e8re (48), int\u00e9gr\u00e9 encore et toujours \u00e0 la r\u00e9gion Languedoc Roussillon.<br \/>\n&nbsp;<br \/>\n<img decoding=\"async\" src=\"IMG\/jpg\/dscf0192.jpg\" alt=\"dscf0192.jpg\" align=\"center\" \/><br \/>\n<em>Superbe Chapeauroux dont les ouvrages d&rsquo;art forcent l&rsquo;admiration<\/em><br \/>\n&nbsp;<br \/>\nPourtant les deniers publics ont coul\u00e9 \u00e0 flots pour mettre \u00e0 niveau la ligne sillonnant les gorges du Haut Allier t\u00e9moin les travaux de l&rsquo;automne 2013 et les autres auparavant qui ont fait supprimer le service ferroviaire 3 mois \u00e0 l&rsquo;automne pendant 3 ans. Parce que \u00e7a revenait moins cher que de ne pas couper, nous expliquait sans honte la SNCF.<br \/>\n&nbsp;<br \/>\n<img decoding=\"async\" src=\"IMG\/jpg\/tvx-chap-02-fd3de.jpg\" alt=\"tvx-chap-02-fd3de.jpg\" align=\"center\" \/><br \/>\n<em>Les importants travaux de s\u00e9curisation des enrochements au niveau de Chapeauroux (Haut-Allier, Loz\u00e8re, Languedoc-Roussillon)<\/em><br \/>\n&nbsp;<br \/>\nEn fait on la comprend sa strat\u00e9gie : pour fermer les gares le mieux c&rsquo;est de les ignorer de ses propres publications. Tellement plus simple ! Et puis qui va s&rsquo;en inqui\u00e9ter ?<br \/>\n&nbsp;<br \/>\n<strong>Ainsi en ignorant la gare TER de Chapeauroux :<\/strong><br \/>\n&nbsp;<br \/>\n&#8211; les navettes de bus qui poursuivent les trajets apr\u00e8s Labastide Saint-Laurent les Bains pour les trains montants de N\u00eemes peuvent s&rsquo;arr\u00eater \u00e0 Langogne et non pas Chapeauroux, chez les bouseux.<br \/>\n&nbsp;<br \/>\n&#8211; on va pouvoir supprimer les guichets de la gare. C&rsquo;est d\u00e9j\u00e0 fait ? \u00d4 pardon !<br \/>\n&nbsp;<br \/>\n&#8211; le mieux c&rsquo;est de n&rsquo;y proposer aucun service, nous avons bien dit AUCUN. C&rsquo;est d\u00e9j\u00e0 fait ? \u00d4 nos excuses !<br \/>\n&nbsp;<br \/>\n<img decoding=\"async\" src=\"IMG\/png\/Gare_de_Chapeauroux_-_horaires_-_adresse_-_2015-01-05_17-04-08.png\" alt=\"Gare_de_Chapeauroux_-_horaires_-_adresse_-_2015-01-05_17-04-08.png\" align=\"center\" \/><br \/>\n&nbsp;<br \/>\n<strong>Et voil\u00e0 comment on dynamite les territoires ruraux en Sud de France (registered) avec la complicit\u00e9 de la SNCF. Merci P\u00e9py, merci feu Bourquin.<\/strong><br \/>\n&nbsp;<br \/>\n<em>Le collectif des Usagers des Transports du Haut-Allier vient d&rsquo;adresser ce jour une lettre au pr\u00e9sident de r\u00e9gion Damien Alary pour lui demander si Chapeauroux existe.<\/em><br \/>\n&nbsp;<br \/>\n<a href=\"IMG\/pdf\/lettre-damien-alary-chapeauroux-ter.pdf\">lettre-damien-alary-chapeauroux-ter.pdf<\/a><\/p>\n<p>&nbsp;<br \/>\nRajoutons que nous venons de recevoir un message de l&rsquo;association des usagers SNCF du Gard qui d\u00e9nonce aussi la suppression sur la carte r\u00e9gionale du train \u00e0 un euro de la ligne Al\u00e8s Bess\u00e8ges : voil\u00e0 qui est enfin tr\u00e8s clair !<br \/>\n&nbsp;<\/p>\n<p><strong>[Mise \u00e0 jour du 8 janvier]<\/strong><br \/>\n&nbsp;<br \/>\n<strong>L&rsquo;association des Usagers du Gard et des d\u00e9partements limitrophes a pos\u00e9 la question hier \u00e0 la r\u00e9gion LR lors d&rsquo;une r\u00e9union de travail. Nous l&rsquo;en remercions vivement. Selon eux la gare de Chapeauroux n&rsquo;est desservie que par les TER Auvergne elle n&rsquo;est donc pas propos\u00e9e \u00e0 la tarification \u00e0 1 euro de la R\u00e9gion LR. Il en va de m\u00eame de la ligne Al\u00e8s-Bess\u00e8ges qui ne propose aucune circulation ni \u00e0 1 euro ni \u00e0 plus d&rsquo;ailleurs donc pas sur la carte.<br \/>\n<\/strong><br \/>\n&nbsp;<br \/>\nNous attendons quand m\u00eame la r\u00e9ponse officielle \u00e9crite de la r\u00e9gion.<\/p>\n","protected":false},"excerpt":{"rendered":"<p>Chapeauroux est-elle une gare TER de la r\u00e9gion LR ? On en doute. &nbsp; C&rsquo;est tr\u00e8s \u00e9tonnant mais<\/p>\n","protected":false},"author":1,"featured_media":0,"comment_status":"closed","ping_status":"open","sticky":false,"template":"","format":"standard","meta":{"footnotes":""},"categories":[3],"tags":[],"class_list":["post-157","post","type-post","status-publish","format-standard","hentry","category-en-train"],"_links":{"self":[{"href":"https:\/\/usagers-transports.haut-allier.eu\/index.php\/wp-json\/wp\/v2\/posts\/157","targetHints":{"allow":["GET"]}}],"collection":[{"href":"https:\/\/usagers-transports.haut-allier.eu\/index.php\/wp-json\/wp\/v2\/posts"}],"about":[{"href":"https:\/\/usagers-transports.haut-allier.eu\/index.php\/wp-json\/wp\/v2\/types\/post"}],"author":[{"embeddable":true,"href":"https:\/\/usagers-transports.haut-allier.eu\/index.php\/wp-json\/wp\/v2\/users\/1"}],"replies":[{"embeddable":true,"href":"https:\/\/usagers-transports.haut-allier.eu\/index.php\/wp-json\/wp\/v2\/comments?post=157"}],"version-history":[{"count":0,"href":"https:\/\/usagers-transports.haut-allier.eu\/index.php\/wp-json\/wp\/v2\/posts\/157\/revisions"}],"wp:attachment":[{"href":"https:\/\/usagers-transports.haut-allier.eu\/index.php\/wp-json\/wp\/v2\/media?parent=157"}],"wp:term":[{"taxonomy":"category","embeddable":true,"href":"https:\/\/usagers-transports.haut-allier.eu\/index.php\/wp-json\/wp\/v2\/categories?post=157"},{"taxonomy":"post_tag","embeddable":true,"href":"https:\/\/usagers-transports.haut-allier.eu\/index.php\/wp-json\/wp\/v2\/tags?post=157"}],"curies":[{"name":"wp","href":"https:\/\/api.w.org\/{rel}","templated":true}]}}