{"id":159,"date":"2015-01-16T06:32:50","date_gmt":"2015-01-16T05:32:50","guid":{"rendered":"http:\/\/5.45.101.177\/haut-allier\/usagers-transportse\/index.php\/2015\/01\/16\/ligne-du-cevenol-les-usagers159\/"},"modified":"2015-01-16T06:32:50","modified_gmt":"2015-01-16T05:32:50","slug":"ligne-du-cevenol-les-usagers159","status":"publish","type":"post","link":"https:\/\/usagers-transports.haut-allier.eu\/index.php\/2015\/01\/16\/ligne-du-cevenol-les-usagers159\/","title":{"rendered":"Ligne du C\u00e9venol : les usagers exc\u00e9d\u00e9s exigent la r\u00e9ouverture des guichets"},"content":{"rendered":"<p>La pression des c\u00e9venols sur la SNCF et la r\u00e9gion Languedoc Roussillon ne faiblit pas apr\u00e8s la manifestation du jeudi 15 janvier devant la sous-pr\u00e9fecture d&rsquo;Al\u00e8s contre la fermeture des guichets sur la ligne des C\u00e9vennes en Loz\u00e8re et dans le Gard. T\u00e9moin ces comptes-rendus dans les m\u00e9dias.<br \/>\n&nbsp;<\/p>\n<p><strong>Dans la presse :<\/strong><br \/>\n&nbsp;<br \/>\n&#8211;  Al\u00e8s : Les c\u00e9venols exigent la r\u00e9ouverture des guichets SNCF (<a href=\"https:\/\/www.objectifgard.com\/2015\/01\/15\/ales-les-cevenols-exigent-la-reouverture-guichets-sncf\/\">Objectif Gard du 15\/01\/2015<\/a>)<br \/>\n&nbsp;<br \/>\n&#8211;  Al\u00e8s : Les usagers de la SNCF re\u00e7us en sous-pr\u00e9fecture (<a href=\"http:\/\/www.midilibre.fr\/2015\/01\/15\/sncf-les-usagers-recus-en-sous-prefecture,1111583.php\">Midi Libre du 15\/01\/2015<\/a>)<br \/>\n&nbsp;<br \/>\n&#8211; Journal de France 3 Pays Gardois du 15\/01\/2015 (script) :<br \/>\n[(<br \/>\n&nbsp;<br \/>\nManifestation \u00e0 la sous-pr\u00e9fecture d\u2019Al\u00e8s. Les clients de la SNCF es hautes C\u00e9vennes sont venus souhaiter leurs v\u0153ux en nombre et bruyamment \u00e0 Fran\u00e7ois Ambroggiani, sous-pr\u00e9fet. La SNCF a ferm\u00e9 le 1er janvier les guichets des gares des C\u00e9vennes par souci d\u2019\u00e9conomie mais pas pour tout le monde.<br \/>\n&nbsp;<br \/>\nMagnien Claude, pr\u00e9sident des usagers de la ligne Al\u00e8s-Bess\u00e8ges :<br \/>\n<strong>\u00ab\u00a0G\u00e9nolhac, Clermont Ferrand\u2026 on va vous proposer G\u00e9nolhac, N\u00eemes, Lyon, Clermont Ferrand. Le double de temps mais surtout il est tr\u00e8s peu pris.\u00a0\u00bb<\/strong><br \/>\n&nbsp;<br \/>\nLes usagers m\u00e9contents ont d\u00e9cid\u00e9 de continuer leur manifestation tant qu\u2019une solution p\u00e9renne ne soit trouv\u00e9e.<br \/>\n&nbsp;<\/p>\n<p>)]<\/p>\n","protected":false},"excerpt":{"rendered":"<p>La pression des c\u00e9venols sur la SNCF et la r\u00e9gion Languedoc Roussillon ne faiblit pas apr\u00e8s la manifestation<\/p>\n","protected":false},"author":1,"featured_media":0,"comment_status":"closed","ping_status":"open","sticky":false,"template":"","format":"standard","meta":{"footnotes":""},"categories":[3],"tags":[],"class_list":["post-159","post","type-post","status-publish","format-standard","hentry","category-en-train"],"_links":{"self":[{"href":"https:\/\/usagers-transports.haut-allier.eu\/index.php\/wp-json\/wp\/v2\/posts\/159","targetHints":{"allow":["GET"]}}],"collection":[{"href":"https:\/\/usagers-transports.haut-allier.eu\/index.php\/wp-json\/wp\/v2\/posts"}],"about":[{"href":"https:\/\/usagers-transports.haut-allier.eu\/index.php\/wp-json\/wp\/v2\/types\/post"}],"author":[{"embeddable":true,"href":"https:\/\/usagers-transports.haut-allier.eu\/index.php\/wp-json\/wp\/v2\/users\/1"}],"replies":[{"embeddable":true,"href":"https:\/\/usagers-transports.haut-allier.eu\/index.php\/wp-json\/wp\/v2\/comments?post=159"}],"version-history":[{"count":0,"href":"https:\/\/usagers-transports.haut-allier.eu\/index.php\/wp-json\/wp\/v2\/posts\/159\/revisions"}],"wp:attachment":[{"href":"https:\/\/usagers-transports.haut-allier.eu\/index.php\/wp-json\/wp\/v2\/media?parent=159"}],"wp:term":[{"taxonomy":"category","embeddable":true,"href":"https:\/\/usagers-transports.haut-allier.eu\/index.php\/wp-json\/wp\/v2\/categories?post=159"},{"taxonomy":"post_tag","embeddable":true,"href":"https:\/\/usagers-transports.haut-allier.eu\/index.php\/wp-json\/wp\/v2\/tags?post=159"}],"curies":[{"name":"wp","href":"https:\/\/api.w.org\/{rel}","templated":true}]}}