{"id":16,"date":"2010-07-19T08:58:00","date_gmt":"2010-07-19T06:58:00","guid":{"rendered":"http:\/\/5.45.101.177\/haut-allier\/usagers-transportse\/index.php\/2010\/07\/19\/train-cevenol-la-contre016\/"},"modified":"2010-07-19T08:58:00","modified_gmt":"2010-07-19T06:58:00","slug":"train-cevenol-la-contre016","status":"publish","type":"post","link":"https:\/\/usagers-transports.haut-allier.eu\/index.php\/2010\/07\/19\/train-cevenol-la-contre016\/","title":{"rendered":"Train C\u00e9venol : la contre manifestation du 17 juillet en gare de Pont d&rsquo;Alleyras"},"content":{"rendered":"<p>Flash <a href=\"http:\/\/alleyras.capitale.dulibre.net\/IMG\/jpg\/gare-alleyras-manif-17juillet2010-03.jpg\">manifestation<\/a> chic organis\u00e9e ce 17 juillet 2010 en gare de Pont d&rsquo;Alleyras pour servir [desservir ?] notre objectif : r\u00e9tablir au minimum trois arr\u00eats de trains toute l&rsquo;ann\u00e9e \u00e0 Alleyras, dans chaque sens, et exiger du service public des temps de parcours normaux, des correspondances \u00e0 Clermont et N\u00eemes. <\/p>\n<p>Les <a href=\"http:\/\/alleyras.capitale.dulibre.net\/IMG\/jpg\/gare-alleyras-manif-17juillet2010-08.jpg\">manifestants<\/a>, au nombre de 500 selon les organisateurs et 100 selon la police se sont donc rassembl\u00e9s ce samedi matin pour le passage du TER de 11 heures 10 R\u00e9gion Auvergne en <a href=\"http:\/\/alleyras.capitale.dulibre.net\/IMG\/jpg\/gare-alleyras-manif-17juillet2010-01.jpg\">partance<\/a> pour Clermont-Ferrand.<\/p>\n<p>Le train arrive presque \u00e0 l&rsquo;heure, pour son arr\u00eat d&rsquo;\u00e9t\u00e9 (uniquement en juillet ao\u00fbt), et sifflets et slogans s&rsquo;\u00e9chappent de la foule. Et on put alors entendre :<br \/>\n&#8211; Le Taxi c&rsquo;est plus Happy<br \/>\n&#8211; Les Retards c&rsquo;est du Nectar<br \/>\n&#8211; A 10 \u00e0 l&rsquo;heure, c&rsquo;est bien meilleur<br \/>\n&#8211; Non Non Merci, Ne vous arr\u00eatez pas pour nous<br \/>\n&#8211; Supprimez, Supprimez, Vos Arr\u00eats d&rsquo;\u00e9t\u00e9<br \/>\n&#8211; Voyageur, Va t&rsquo;arr\u00eater Ailleurs !<br \/>\n&#8211; Train = Communistes<br \/>\n&#8211; Train pollueur, Nos 4&#215;4 meilleurs<br \/>\n&#8211; Fermez la Gare, Et Retournons au bar<br \/>\n&#8211; Alleyras Plus Isol\u00e9, Calme Enfin Retrouv\u00e9<br \/>\n&#8211; Voyageur en D\u00e9route, Poursuis ta Route<br \/>\n&#8211; Des Taxis Oui Oui, Des Trains Non Pas Bien<br \/>\n&#8211; Le Taxi Oui Tr\u00e9s bien, C&rsquo;est pas pour les chiens<br \/>\n&#8211; Gens d&rsquo;Alleyras, Restez sur Place<br \/>\n&#8211; Ne pas Bouger, En Haut Allier, C&rsquo;est Y\u00e9 !<br \/>\n&#8211; Vendez, Vendez, Les voies ferr\u00e9es !<br \/>\n&#8211; Le v\u00e9lorail, \u00e7a c&rsquo;est d&rsquo;la balle<br \/>\n&#8211; Les voies ferr\u00e9es, c&rsquo;est p\u00e9rim\u00e9<br \/>\n&#8211; Trains \u00e0 la casse, \u00e7a c&rsquo;est la classe<br \/>\n&#8211; De la Premi\u00e8re Classe ! Et que pour Alleyras<br \/>\n&#8211; Train C\u00e9venol, Pour les branquignols<br \/>\n&#8211; Plein de Quat Quat pour Alleyras, \u00e7a c&rsquo;est la Classe<br \/>\n&#8211; Cheminot, Cheminot, Rend nous notre magot<br \/>\n&#8211; A bas \u00e0 bas, Le second degr\u00e9<br \/>\n&#8211; Sarko, Sarko, Montres nous la Voie<br \/>\n&#8211; Non, non, non, Aux manifestations<br \/>\n&#8211; Ma maison, Mon horizon<br \/>\n&#8211; Promeneurs, promeneurs, Restez chez vous<br \/>\n&#8211; Priorit\u00e9 aux Voyageurs Fran\u00e7ais<br \/>\n&#8211; Chacun chez soi, Et on s\u2019en sortira<br \/>\n&#8211; Privatisez Privatisez, Trains et voies ferr\u00e9es<br \/>\n&#8211; Deux 4 X 4 c&rsquo;est bien, Et quatre 4 x 4 c&rsquo;est mieux<br \/>\n&#8211; Pas de fric pour le service public<br \/>\n&#8211; Des subventions, Pour des taxis gratuits<br \/>\n&#8211; Voyageurs, Laissez nous en paix<br \/>\n&#8211; Contre le train, Pour le train-train.<br \/>\n&#8211; Monsieur P\u00e9py, Nous on veut des taxis<br \/>\n&#8211; Les Transports en Commun, C&rsquo;est d&rsquo;un commun&#8230;<\/p>\n<p>Oui tout \u00e7a. D&rsquo;ailleurs le chauffeur du train en est <a href=\"http:\/\/alleyras.capitale.dulibre.net\/IMG\/jpg\/gare-alleyras-manif-17juillet2010-05.jpg\">sonn\u00e9<\/a>.<\/p>\n<p>Et le contr\u00f4leur ose <a href=\"http:\/\/alleyras.capitale.dulibre.net\/IMG\/jpg\/gare-alleyras-manif-17juillet2010-04.jpg\">communier<\/a> acceptant une flute de champagne.<\/p>\n<p>Le train parti, les manifestants dialoguent avec les voyageurs descendus et les personnes venues attendre quelqu&rsquo;un. Et le tout se termine joyeusement, buvant et devisant, en esp\u00e9rant une am\u00e9lioration de la desserte de notre petite gare. Gros plans sur quelques dangereux activistes.<\/p>\n<p><a href=\"http:\/\/alleyras.capitale.dulibre.net\/IMG\/jpg\/gare-alleyras-manif-17juillet2010-06.jpg\">un<\/a><br \/>\n<a href=\"http:\/\/alleyras.capitale.dulibre.net\/IMG\/jpg\/gare-alleyras-manif-17juillet2010-07.jpg\">deux<\/a><br \/>\n<a href=\"http:\/\/alleyras.capitale.dulibre.net\/IMG\/jpg\/gare-alleyras-manif-17juillet2010-09.jpg\">trois<\/a><br \/>\n<a href=\"http:\/\/alleyras.capitale.dulibre.net\/IMG\/jpg\/gare-alleyras-manif-17juillet2010-10.jpg\">quatre<\/a><br \/>\n<a href=\"http:\/\/alleyras.capitale.dulibre.net\/IMG\/jpg\/gare-alleyras-manif-17juillet2010-11.jpg\">cinq&#8230;<\/a><br \/>\nsix !<\/p>\n<p>Le Progr\u00e8s et la Montagne de la Haute-Loire se sont d\u00e9plac\u00e9s pour relater l&rsquo;\u00e9v\u00e9nement. Le Progr\u00e8s qui a <a href=\"http:\/\/www.leprogres.fr\/fr\/region\/la-haute-loire\/haute-loire\/article\/3496667\/Contre-manifestation-samedi-matin-a-la-gare-de-Pont-d-Alleyras.html\">annonc\u00e9<\/a>. Merci \u00e0 eux. Honte aux autres.<\/p>\n<p><a href=\"http:\/\/alleyras.capitale.dulibre.net\/IMG\/jpg\/gare-alleyras-manif-17juillet2010-12.jpg\">Sept.<\/a><\/p>\n<p>Les articles de la <a href=\"http:\/\/alleyras.capitale.dulibre.net\/IMG\/jpg\/lamontagne-une.jpg\">Montagne<\/a>, aussi <a href=\"http:\/\/alleyras.capitale.dulibre.net\/IMG\/jpg\/lamontagne-non-au-train.jpg\">ici <\/a> et du <a href=\"http:\/\/alleyras.capitale.dulibre.net\/IMG\/jpg\/leprogres-la-gare-d-alleyras.jpg\">Progr\u00e8s<\/a> scann\u00e9s.<\/p>\n<p><img loading=\"lazy\" decoding=\"async\" class=\" alignleft size-full wp-image-1408\" src=\"http:\/\/5.45.101.177\/haut-allier\/usagers-transportse\/wp-content\/uploads\/2010\/07\/cevenol.jpg\" alt=\"cevenol.jpg\" align=\"left\" width=\"800\" height=\"530\" srcset=\"https:\/\/usagers-transports.haut-allier.eu\/wp-content\/uploads\/2010\/07\/cevenol.jpg 800w, https:\/\/usagers-transports.haut-allier.eu\/wp-content\/uploads\/2010\/07\/cevenol-300x199.jpg 300w, https:\/\/usagers-transports.haut-allier.eu\/wp-content\/uploads\/2010\/07\/cevenol-768x509.jpg 768w\" sizes=\"auto, (max-width: 800px) 100vw, 800px\" \/><\/p>\n<p><a href=\"http:\/\/5.45.101.177\/haut-allier\/usagers-transportse\/wp-content\/uploads\/2010\/07\/lettre-sncf-petition-aout-2013.pdf\">lettre-sncf-petition-aout-2013.pdf<\/a><\/p>\n","protected":false},"excerpt":{"rendered":"<p>Flash manifestation chic organis\u00e9e ce 17 juillet 2010 en gare de Pont d&rsquo;Alleyras pour servir [desservir ?] notre<\/p>\n","protected":false},"author":1,"featured_media":1408,"comment_status":"closed","ping_status":"open","sticky":false,"template":"","format":"standard","meta":{"footnotes":""},"categories":[2],"tags":[],"class_list":["post-16","post","type-post","status-publish","format-standard","has-post-thumbnail","hentry","category-infos"],"_links":{"self":[{"href":"https:\/\/usagers-transports.haut-allier.eu\/index.php\/wp-json\/wp\/v2\/posts\/16","targetHints":{"allow":["GET"]}}],"collection":[{"href":"https:\/\/usagers-transports.haut-allier.eu\/index.php\/wp-json\/wp\/v2\/posts"}],"about":[{"href":"https:\/\/usagers-transports.haut-allier.eu\/index.php\/wp-json\/wp\/v2\/types\/post"}],"author":[{"embeddable":true,"href":"https:\/\/usagers-transports.haut-allier.eu\/index.php\/wp-json\/wp\/v2\/users\/1"}],"replies":[{"embeddable":true,"href":"https:\/\/usagers-transports.haut-allier.eu\/index.php\/wp-json\/wp\/v2\/comments?post=16"}],"version-history":[{"count":0,"href":"https:\/\/usagers-transports.haut-allier.eu\/index.php\/wp-json\/wp\/v2\/posts\/16\/revisions"}],"wp:featuredmedia":[{"embeddable":true,"href":"https:\/\/usagers-transports.haut-allier.eu\/index.php\/wp-json\/wp\/v2\/media\/1408"}],"wp:attachment":[{"href":"https:\/\/usagers-transports.haut-allier.eu\/index.php\/wp-json\/wp\/v2\/media?parent=16"}],"wp:term":[{"taxonomy":"category","embeddable":true,"href":"https:\/\/usagers-transports.haut-allier.eu\/index.php\/wp-json\/wp\/v2\/categories?post=16"},{"taxonomy":"post_tag","embeddable":true,"href":"https:\/\/usagers-transports.haut-allier.eu\/index.php\/wp-json\/wp\/v2\/tags?post=16"}],"curies":[{"name":"wp","href":"https:\/\/api.w.org\/{rel}","templated":true}]}}