{"id":161,"date":"2015-01-19T12:19:07","date_gmt":"2015-01-19T11:19:07","guid":{"rendered":"http:\/\/5.45.101.177\/haut-allier\/usagers-transportse\/index.php\/2015\/01\/19\/lignes-sncf-du-massif-central-le161\/"},"modified":"2015-01-19T12:19:07","modified_gmt":"2015-01-19T11:19:07","slug":"lignes-sncf-du-massif-central-le161","status":"publish","type":"post","link":"https:\/\/usagers-transports.haut-allier.eu\/index.php\/2015\/01\/19\/lignes-sncf-du-massif-central-le161\/","title":{"rendered":"Lignes SNCF du massif central : le collectif Bordeaux Limoges Lyon envoie sa p\u00e9tition"},"content":{"rendered":"<p>La soci\u00e9t\u00e9 dite ferroviaire annonce laconiquement sur son site <a href=\"http:\/\/www.sncf.com\/fr\/trains\/intercites\/lignes-jour\/bordeaux-lyon\">Intercit\u00e9s<\/a> :<br \/>\n&nbsp;<br \/>\n<em>NB : La d\u00e9gradation de l\u2019\u00e9tat de la voie entre Eyguerande et Laqueuille entra\u00eene l\u2019arr\u00eat de l\u2019exploitation de ce tron\u00e7on (voir fiche INFO TRAFIC : BORDEAUX &#8211; CLERMONT-FERRAND).<\/em><br \/>\n&nbsp;<br \/>\nCe 18 janvier le collectif Bordeaux &#8211; Limoges &#8211; Lyon qui s&rsquo;occupe de la r\u00e9ouverture de cette <strong>ligne essentielle<\/strong> ferm\u00e9e il y a quelques ann\u00e9es vient d&rsquo;envoyer un courrier ainsi que sa p\u00e9tition aux membres de la commission \u00ab Avenir des Trains d\u2019Equilibre du Territoire \u00bb. La voici :<br \/>\n&nbsp;<\/p>\n<p>[(<br \/>\n<em><br \/>\nMonsieur le Pr\u00e9sident Duron,<br \/>\n&nbsp;<br \/>\nMesdames et Messieurs les conseillers,<br \/>\n&nbsp;<br \/>\nLe collectif BLL [Bordeaux-Limoges-Lyon] vous fait parvenir ce jour une p\u00e9tition ayant recueilli plus de dix mille soutiens demandant la r\u00e9ouverture de la ligne directe TET Bordeaux-Limoges-Lyon (voir les 2 pi\u00e8ces jointes, les signatures et surtout, les commentaires).<br \/>\n&nbsp;<br \/>\nL&rsquo;enjeu de cette ligne est clairement la connexion des territoires localis\u00e9s entre les m\u00e9tropoles lyonnaise et bordelaise au sud-ouest et au sud-est de la France, plut\u00f4t que la liaison directe entre les deux m\u00e9tropoles, d\u00e9j\u00e0 assur\u00e9e par TGV, avion et bus. Les habitants des agglom\u00e9rations de Limoges, Clermont Ferrand, P\u00e9rigueux, Brive, Gu\u00e9ret, Montlu\u00e7on, Roanne, qui repr\u00e9sentent une masse d\u00e9mographique et \u00e9lectorale non-m\u00e9prisable, attendent des r\u00e9ponses claires et pr\u00e9cises et ne peuvent plus se contenter de vaines promesses.<br \/>\n&nbsp;<br \/>\nLe collectif BLL pense que la commission que vous pr\u00e9sidez Monsieur Duron est la plus comp\u00e9tente et la mieux arm\u00e9e pour faire valoir cette revendication, territorialement juste et \u00e9cologiquement responsable, aupr\u00e8s des autorit\u00e9s comp\u00e9tentes (minist\u00e8re, SNCF, r\u00e9gions etc.).<br \/>\n&nbsp;<br \/>\nLe collectif BLL engage l&rsquo;ensemble des membres de la commission \u00e0 prendre connaissance des centaines de pages de signatures et surtout de commentaires qui t\u00e9moignent des difficult\u00e9s des usagers de la ligne.<br \/>\n&nbsp;<br \/>\nIl n&rsquo;est pas concevable aujourd&rsquo;hui de mettre entre 6h et 8h en transversale pour relier Limoges \u00e0 Lyon avec deux changements, tout comme il est scandaleux d&rsquo;inciter les voyageurs \u00e0 passer par Paris en consommant 3 fois plus d&rsquo;\u00e9nergie et en payant le triple du prix! En 2012, il ne fallait que 4h50&#8230;O\u00f9 est le progr\u00e8s ?<br \/>\n&nbsp;<br \/>\nCette p\u00e9tition a d\u00e9j\u00e0 \u00e9t\u00e9 envoy\u00e9e une premi\u00e8re fois en d\u00e9cembre 2012 \u00e0 messieurs P\u00e9py, Duron et Cuvillier, sans qu&rsquo;aucune r\u00e9ponse ni m\u00eame accus\u00e9 de r\u00e9ception ne nous soit envoy\u00e9. Simple oubli?<br \/>\n&nbsp;<br \/>\nEn septembre dernier, Monsieur Le Vern, de passage \u00e0 Limoges, promettait aux \u00e9lus r\u00e9gionaux la r\u00e9ouverture de la ligne BLL en 2015. Rien de tel n&rsquo;est arriv\u00e9.<br \/>\n&nbsp;<br \/>\nMerci de nous faire part de vos avanc\u00e9es sur la r\u00e9ouverture de cette ligne. Nous nous devons d&rsquo;informer les usagers et de ne pas d\u00e9cevoir leurs attentes.<br \/>\n&nbsp;<br \/>\nMonsieur le Pr\u00e9sident Duron et mesdames et messieurs les conseillers, veuillez agr\u00e9er l&rsquo;expression de nos salutations les plus sinc\u00e8res,<br \/>\n&nbsp;<br \/>\nLe collectif Bordeaux-Limoges-Lyon<br \/>\n <\/em><br \/>\n)]<\/p>\n<p><strong>Soyons solidaires de nos amis et signons en masse leur <a href=\"https:\/\/www.change.org\/p\/urgence-r%C3%A9ouverture-de-la-ligne-de-train-transversale-bordeaux-limoges-lyon\/sponsors\/new?source_location=petition_update_show\">p\u00e9tition<\/a>.<\/strong><br \/>\n&nbsp;<br \/>\nPour contacter le collectif BLL c&rsquo;est <a href=\"mailto:collectif.bordeauxlimogeslyon@yahoo.fr\">ici<\/a>.<br \/>\n&nbsp;<br \/>\nA sa demande nous publions la liste des signataires<br \/>\n<a href=\"IMG\/pdf\/petition_signatures_bll.pdf\">petition_signatures_bll.pdf<\/a><br \/>\n&nbsp;<br \/>\nEt leurs commentaires<br \/>\n<a href=\"IMG\/pdf\/petition_commentaires_bll-2.pdf\">petition_commentaires_bll-2.pdf<\/a><\/p>\n","protected":false},"excerpt":{"rendered":"<p>La soci\u00e9t\u00e9 dite ferroviaire annonce laconiquement sur son site Intercit\u00e9s : &nbsp; NB : La d\u00e9gradation de l\u2019\u00e9tat<\/p>\n","protected":false},"author":1,"featured_media":0,"comment_status":"closed","ping_status":"open","sticky":false,"template":"","format":"standard","meta":{"footnotes":""},"categories":[3],"tags":[],"class_list":["post-161","post","type-post","status-publish","format-standard","hentry","category-en-train"],"_links":{"self":[{"href":"https:\/\/usagers-transports.haut-allier.eu\/index.php\/wp-json\/wp\/v2\/posts\/161","targetHints":{"allow":["GET"]}}],"collection":[{"href":"https:\/\/usagers-transports.haut-allier.eu\/index.php\/wp-json\/wp\/v2\/posts"}],"about":[{"href":"https:\/\/usagers-transports.haut-allier.eu\/index.php\/wp-json\/wp\/v2\/types\/post"}],"author":[{"embeddable":true,"href":"https:\/\/usagers-transports.haut-allier.eu\/index.php\/wp-json\/wp\/v2\/users\/1"}],"replies":[{"embeddable":true,"href":"https:\/\/usagers-transports.haut-allier.eu\/index.php\/wp-json\/wp\/v2\/comments?post=161"}],"version-history":[{"count":0,"href":"https:\/\/usagers-transports.haut-allier.eu\/index.php\/wp-json\/wp\/v2\/posts\/161\/revisions"}],"wp:attachment":[{"href":"https:\/\/usagers-transports.haut-allier.eu\/index.php\/wp-json\/wp\/v2\/media?parent=161"}],"wp:term":[{"taxonomy":"category","embeddable":true,"href":"https:\/\/usagers-transports.haut-allier.eu\/index.php\/wp-json\/wp\/v2\/categories?post=161"},{"taxonomy":"post_tag","embeddable":true,"href":"https:\/\/usagers-transports.haut-allier.eu\/index.php\/wp-json\/wp\/v2\/tags?post=161"}],"curies":[{"name":"wp","href":"https:\/\/api.w.org\/{rel}","templated":true}]}}