{"id":162,"date":"2015-01-22T16:56:58","date_gmt":"2015-01-22T15:56:58","guid":{"rendered":"http:\/\/5.45.101.177\/haut-allier\/usagers-transportse\/index.php\/2015\/01\/22\/fermeture-des-guichets-de-la-ligne162\/"},"modified":"2015-01-22T16:56:58","modified_gmt":"2015-01-22T15:56:58","slug":"fermeture-des-guichets-de-la-ligne162","status":"publish","type":"post","link":"https:\/\/usagers-transports.haut-allier.eu\/index.php\/2015\/01\/22\/fermeture-des-guichets-de-la-ligne162\/","title":{"rendered":"Fermeture des guichets de la ligne du C\u00e9venol : changement de comportement \u00e0 la r\u00e9gion Languedoc Roussillon"},"content":{"rendered":"<p><strong>Un changement dans la politique des transports ferroviaires serait-il de mise \u00e0 la t\u00eate de la r\u00e9gion Languedoc Roussillon ?<\/strong> Quelques signes positifs sont \u00e9mis en ce moment comme cette lettre \u00e0 la direction de la SNCF que vient d&rsquo;envoyer Damien Alary pour demander des explications \u00e0 la SNCF (voir plus bas) au sujet des fermetures de guichets des gares de la ligne du train C\u00e9venol. D&rsquo;autres signes de bonne volont\u00e9 \u00e9galement avec la r\u00e9union que vient de tenir Marie Meunier la vice-pr\u00e9sidente de la r\u00e9gion charg\u00e9e des transports avec les collectifs et associations d&rsquo;usagers. Apr\u00e8s la trop longue p\u00e9riode de mutisme profond impos\u00e9e par l&rsquo;ancien responsable Navarro Robert, un peu de changement serait salvateur.<br \/>\n&nbsp;<br \/>\nMalgr\u00e9 notre r\u00e9cent <a href=\"http:\/\/usagers-transports.haut-allier.eu\/spip.php?article160\">billet d&rsquo;humeur<\/a> un peu morose, nous soutiendrons bien entendu les d\u00e9cisions et actions intelligentes qui pourraient \u00eatre prises.<br \/>\n&nbsp;<br \/>\nDans son courrier, le pr\u00e9sident rappelle que cette d\u00e9cision de suppression des guichets <strong>\u201csuscite l\u2019incompr\u00e9hension et l\u2019opposition d\u2019un grand nombre d\u2019usagers, mais aussi d\u2019associations et d\u2019\u00e9lus de tous niveaux\u201c<\/strong>. Pour lui,<strong>\u201ccette fermeture est un recul sensible des services publics apport\u00e9s \u00e0 la population\u201c<\/strong>. Damien Alary avoue ensuite ne pas comprendre que cela puisse <strong>\u201cg\u00e9n\u00e9rer des \u00e9conomies puisque dans la plupart des gares concern\u00e9es, l\u2019agent SNCF reste pr\u00e9sent sur place\u201c<\/strong>. Enfin, il requiert de la direction r\u00e9gionale <strong>\u201cune note d\u00e9taill\u00e9e et chiffr\u00e9e, gare par gare, justifiant ces fermetures\u201c<\/strong>.<br \/>\n&nbsp;<br \/>\nLa lettre au directeur r\u00e9gional SNCF LR Philippe Charlot :<br \/>\n&nbsp;<\/p>\n<p>[(<br \/>\n<em>\u00ab\u00a0Cette fermeture est un recul sensible des services publics apport\u00e9s \u00e0 la population. Certes, les secteurs concern\u00e9s souffrent d&rsquo;une densit\u00e9 de population moins importante, mais je souscris d&rsquo;autant plus \u00e0 la d\u00e9termination locale de maintenir une pr\u00e9sence humaine aux guichets des gares n&rsquo;en est que plus forte. Je suis tr\u00e8s souvent interrog\u00e9 sur ce sujet, tant ces mesures prises sans concertation sont mal accept\u00e9es par nos concitoyens. Bon nombre de leurs arguments m&rsquo;interpellent et m\u00e9ritent une attention particuli\u00e8re.<br \/>\n&nbsp;<br \/>\nC&rsquo;est pourquoi j&rsquo;ai demand\u00e9 \u00e0 Madame Meunier-Polge, Vice Pr\u00e9sidente aux Transports, de bien vouloir recevoir rapidement les associations du secteur c\u00e9venol. Elle a eu la courtoisie de vous en informer la veille du rendez-vous. J&rsquo;ai \u00e9t\u00e9 tr\u00e8s surpris d&rsquo;apprendre que vous aviez mis \u00e0 profit cette information pour faire proc\u00e9der au d\u00e9montage des trois guichets en secteur c\u00e9venol pendant que l&rsquo;association des usagers \u00e9tait re\u00e7ue a l&rsquo;Hotel de R\u00e9gion.<br \/>\n&nbsp;<br \/>\nJe ne peux pas me r\u00e9soudre \u00e0 croire qu&rsquo;une telle action soit le fruit d&rsquo;une co\u00efncidence. Si je ne vous savais pas tant attach\u00e9 au service public, je qualifierais cette action de provocation faite aux habitants et aux \u00e9lus du Languedoc-Roussillon.<br \/>\n&nbsp;<br \/>\nSur le fond, je ne comprends pas que ces fermetures puissent g\u00e9n\u00e9rer des \u00e9conomies puisque dans la plupart des gares concern\u00e9es, l&rsquo;agent SNCF reste pr\u00e9sent sur place. Afin de me permettre d&rsquo;y voir clair sur les avantages que la SNCF retire de ces d\u00e9cisions et au regard de ses cons\u00e9quences dommageables sur les usagers impact\u00e9s, je vous demande de bien vouloir me transmettre une note d\u00e9taill\u00e9e et chiffr\u00e9e, gare par gare, justifiant ces fermetures. Cette note devra concerner le p\u00e9rim\u00e8tre ferroviaire dans son ensemble et pas seulement celui, r\u00e9ducteur, du transport r\u00e9gional\u00a0\u00bb.<\/em><\/p>\n<p>)]<\/p>\n","protected":false},"excerpt":{"rendered":"<p>Un changement dans la politique des transports ferroviaires serait-il de mise \u00e0 la t\u00eate de la r\u00e9gion Languedoc<\/p>\n","protected":false},"author":1,"featured_media":0,"comment_status":"closed","ping_status":"open","sticky":false,"template":"","format":"standard","meta":{"footnotes":""},"categories":[3],"tags":[],"class_list":["post-162","post","type-post","status-publish","format-standard","hentry","category-en-train"],"_links":{"self":[{"href":"https:\/\/usagers-transports.haut-allier.eu\/index.php\/wp-json\/wp\/v2\/posts\/162","targetHints":{"allow":["GET"]}}],"collection":[{"href":"https:\/\/usagers-transports.haut-allier.eu\/index.php\/wp-json\/wp\/v2\/posts"}],"about":[{"href":"https:\/\/usagers-transports.haut-allier.eu\/index.php\/wp-json\/wp\/v2\/types\/post"}],"author":[{"embeddable":true,"href":"https:\/\/usagers-transports.haut-allier.eu\/index.php\/wp-json\/wp\/v2\/users\/1"}],"replies":[{"embeddable":true,"href":"https:\/\/usagers-transports.haut-allier.eu\/index.php\/wp-json\/wp\/v2\/comments?post=162"}],"version-history":[{"count":0,"href":"https:\/\/usagers-transports.haut-allier.eu\/index.php\/wp-json\/wp\/v2\/posts\/162\/revisions"}],"wp:attachment":[{"href":"https:\/\/usagers-transports.haut-allier.eu\/index.php\/wp-json\/wp\/v2\/media?parent=162"}],"wp:term":[{"taxonomy":"category","embeddable":true,"href":"https:\/\/usagers-transports.haut-allier.eu\/index.php\/wp-json\/wp\/v2\/categories?post=162"},{"taxonomy":"post_tag","embeddable":true,"href":"https:\/\/usagers-transports.haut-allier.eu\/index.php\/wp-json\/wp\/v2\/tags?post=162"}],"curies":[{"name":"wp","href":"https:\/\/api.w.org\/{rel}","templated":true}]}}