{"id":163,"date":"2015-01-23T17:00:53","date_gmt":"2015-01-23T16:00:53","guid":{"rendered":"http:\/\/5.45.101.177\/haut-allier\/usagers-transportse\/index.php\/2015\/01\/23\/ligne-du-train-cevenol163\/"},"modified":"2015-01-23T17:00:53","modified_gmt":"2015-01-23T16:00:53","slug":"ligne-du-train-cevenol163","status":"publish","type":"post","link":"https:\/\/usagers-transports.haut-allier.eu\/index.php\/2015\/01\/23\/ligne-du-train-cevenol163\/","title":{"rendered":"Ligne du train C\u00e9venol : d\u00e9raillement entre Langeac et Langogne"},"content":{"rendered":"<p>La SNCF communique :<br \/>\n&nbsp;<br \/>\n<em> <strong>La circulation des trains est fortement perturb\u00e9e de La Bastide-St-Laurent \u00e0 Langogne et interrompue entre Langogne et Langeac jusqu\u2019\u00e0 nouvel avis.<br \/>\n&nbsp;<br \/>\nD&rsquo;importants travaux de remise en \u00e9tat de la voie sont n\u00e9cessaires suite \u00e0 l&rsquo;accident d&rsquo;un train de fret d&rsquo;une entreprise priv\u00e9e survenu le 22 janvier entre Chapeauroux et Langogne.<\/strong> <\/em><br \/>\n&nbsp;<br \/>\nUn d\u00e9raillement ferroviaire s&rsquo;est en effet produit hier soir jeudi vers 19 h, pr\u00e8s de Chapeauroux et du passage \u00e0 niveau de Saint-M\u00e9dard, pr\u00e8s de Rauret, ce qui a entra\u00een\u00e9 la coupure de la ligne Clermont-Ferrand &#8211; N\u00eemes. Des traverses ont \u00e9t\u00e9 endommag\u00e9es, des parapets arrach\u00e9s ainsi qu\u2019un filet d\u00e9tecteur de chutes de pierres jusqu\u2019\u00e0 ce que les wagons percutent \u00e9galement les parois de parement d\u2019un tunnel. C\u2019est \u00e0 ce moment que le convoi a \u00e9t\u00e9 arr\u00eat\u00e9, \u00e0 environ un kilom\u00e8tre de la gare de Chapeauroux, plus exactement entre les viaducs de Ribains et de Condres, en face du hameau de Saint-M\u00e9dard. Aucun bless\u00e9 n&rsquo;est \u00e0 d\u00e9plorer. Il s&rsquo;agit du train de fret priv\u00e9 Euro Cargo qui \u00e9tait vide. Un train destin\u00e9 \u00e0 transporter des grumes pour l&rsquo;usine de papier de Tarascon. Une enqu\u00eate est en cours diligent\u00e9e par la SNCF pour expliquer les raisons de ce d\u00e9raillement.<br \/>\n&nbsp;<br \/>\nLe relevage \u00e9tait entrepris vendredi matin. Cinq des wagons du convoi de 400 m\u00e8tres de long \u00e9taient touch\u00e9s par le d\u00e9raillement. La voie \u00e9tant endommag\u00e9e, tout trafic est interrompu sur la ligne. Cet accident impacte le trafic voyageurs et d\u00e8s jeudi soir deux trains ont d\u00fb \u00eatre arr\u00eat\u00e9s. <strong>La r\u00e9ouverture ne devrait pas survenir avant mardi au plus t\u00f4t, mais plus certainement dans une dizaine de jours.<\/strong><br \/>\n&nbsp;<br \/>\nUn service de substitution par autocar est mis en place d\u00e8s ce vendredi. Selon la SNCF : <em>\u00ab\u00a0Dans la mesure du possible, les voyageurs au d\u00e9part de Clermont-Ferrand, effectuant le trajet de bout en bout, \u00e0 destination du Languedoc-Roussillon transitent par Lyon. Sur l\u2019axe Clermont-Ferrand \u2013 N\u00eemes, les trains circuleront jusqu\u2019\u00e0 Langeac. De Langeac \u00e0 Langogne ou La Bastide, un service de substitution par autocar va \u00eatre assur\u00e9.\u2028 Sur l\u2019axe N\u00eemes \u2013 Clermont-Ferrand, les trains circuleront jusqu\u2019\u00e0 Langogne ou La Bastide. De Langogne ou La Bastide, un service de substitution par autocar va \u00eatre assur\u00e9\u00a0\u00bb<\/em>.<\/p>\n","protected":false},"excerpt":{"rendered":"<p>La SNCF communique : &nbsp; La circulation des trains est fortement perturb\u00e9e de La Bastide-St-Laurent \u00e0 Langogne et<\/p>\n","protected":false},"author":1,"featured_media":0,"comment_status":"closed","ping_status":"open","sticky":false,"template":"","format":"standard","meta":{"footnotes":""},"categories":[3],"tags":[],"class_list":["post-163","post","type-post","status-publish","format-standard","hentry","category-en-train"],"_links":{"self":[{"href":"https:\/\/usagers-transports.haut-allier.eu\/index.php\/wp-json\/wp\/v2\/posts\/163","targetHints":{"allow":["GET"]}}],"collection":[{"href":"https:\/\/usagers-transports.haut-allier.eu\/index.php\/wp-json\/wp\/v2\/posts"}],"about":[{"href":"https:\/\/usagers-transports.haut-allier.eu\/index.php\/wp-json\/wp\/v2\/types\/post"}],"author":[{"embeddable":true,"href":"https:\/\/usagers-transports.haut-allier.eu\/index.php\/wp-json\/wp\/v2\/users\/1"}],"replies":[{"embeddable":true,"href":"https:\/\/usagers-transports.haut-allier.eu\/index.php\/wp-json\/wp\/v2\/comments?post=163"}],"version-history":[{"count":0,"href":"https:\/\/usagers-transports.haut-allier.eu\/index.php\/wp-json\/wp\/v2\/posts\/163\/revisions"}],"wp:attachment":[{"href":"https:\/\/usagers-transports.haut-allier.eu\/index.php\/wp-json\/wp\/v2\/media?parent=163"}],"wp:term":[{"taxonomy":"category","embeddable":true,"href":"https:\/\/usagers-transports.haut-allier.eu\/index.php\/wp-json\/wp\/v2\/categories?post=163"},{"taxonomy":"post_tag","embeddable":true,"href":"https:\/\/usagers-transports.haut-allier.eu\/index.php\/wp-json\/wp\/v2\/tags?post=163"}],"curies":[{"name":"wp","href":"https:\/\/api.w.org\/{rel}","templated":true}]}}