{"id":164,"date":"2015-01-27T06:25:37","date_gmt":"2015-01-27T05:25:37","guid":{"rendered":"http:\/\/5.45.101.177\/haut-allier\/usagers-transportse\/index.php\/2015\/01\/27\/ligne-du-train-aubrac-inquietude164\/"},"modified":"2015-01-27T06:25:37","modified_gmt":"2015-01-27T05:25:37","slug":"ligne-du-train-aubrac-inquietude164","status":"publish","type":"post","link":"https:\/\/usagers-transports.haut-allier.eu\/index.php\/2015\/01\/27\/ligne-du-train-aubrac-inquietude164\/","title":{"rendered":"Ligne du train Aubrac : inqui\u00e9tude des cheminots pour le B\u00e9ziers Neussargues"},"content":{"rendered":"<p>150 cheminots du Languedoc Roussillon Midi Pyr\u00e9n\u00e9es et Auvergne se sont r\u00e9unis dans l&rsquo;Aveyron ce dimanche 25 janvier 2015 \u00e0 Saint-Rome de Cernon au sein du comit\u00e9 pluraliste de d\u00e9fense de la ligne B\u00e9ziers Neussargues et ont d\u00e9nonc\u00e9 l&rsquo;interdiction de circulation des trains de marchandises programm\u00e9e dans un document technique interne SNCF ainsi que les travaux d&rsquo;entretien report\u00e9s. Pour le c\u00f4t\u00e9 voyageurs la continuit\u00e9 ferroviaire serait assur\u00e9e pour 2015 mais apr\u00e8s rien n&rsquo;est s\u00fbr.<br \/>\n&nbsp;<br \/>\nL&rsquo;<a href=\"http:\/\/www.midilibre.fr\/2015\/01\/26\/menace-sur-le-beziers-neussargues,1116410.php#xtor=RSS-5?utm_medium=twitter&#038;utm_source=toobeziers\">article<\/a> de Midi Libre. <\/p>\n","protected":false},"excerpt":{"rendered":"<p>150 cheminots du Languedoc Roussillon Midi Pyr\u00e9n\u00e9es et Auvergne se sont r\u00e9unis dans l&rsquo;Aveyron ce dimanche 25 janvier<\/p>\n","protected":false},"author":1,"featured_media":0,"comment_status":"closed","ping_status":"open","sticky":false,"template":"","format":"standard","meta":{"footnotes":""},"categories":[3],"tags":[],"class_list":["post-164","post","type-post","status-publish","format-standard","hentry","category-en-train"],"_links":{"self":[{"href":"https:\/\/usagers-transports.haut-allier.eu\/index.php\/wp-json\/wp\/v2\/posts\/164","targetHints":{"allow":["GET"]}}],"collection":[{"href":"https:\/\/usagers-transports.haut-allier.eu\/index.php\/wp-json\/wp\/v2\/posts"}],"about":[{"href":"https:\/\/usagers-transports.haut-allier.eu\/index.php\/wp-json\/wp\/v2\/types\/post"}],"author":[{"embeddable":true,"href":"https:\/\/usagers-transports.haut-allier.eu\/index.php\/wp-json\/wp\/v2\/users\/1"}],"replies":[{"embeddable":true,"href":"https:\/\/usagers-transports.haut-allier.eu\/index.php\/wp-json\/wp\/v2\/comments?post=164"}],"version-history":[{"count":0,"href":"https:\/\/usagers-transports.haut-allier.eu\/index.php\/wp-json\/wp\/v2\/posts\/164\/revisions"}],"wp:attachment":[{"href":"https:\/\/usagers-transports.haut-allier.eu\/index.php\/wp-json\/wp\/v2\/media?parent=164"}],"wp:term":[{"taxonomy":"category","embeddable":true,"href":"https:\/\/usagers-transports.haut-allier.eu\/index.php\/wp-json\/wp\/v2\/categories?post=164"},{"taxonomy":"post_tag","embeddable":true,"href":"https:\/\/usagers-transports.haut-allier.eu\/index.php\/wp-json\/wp\/v2\/tags?post=164"}],"curies":[{"name":"wp","href":"https:\/\/api.w.org\/{rel}","templated":true}]}}