{"id":165,"date":"2015-01-29T06:55:39","date_gmt":"2015-01-29T05:55:39","guid":{"rendered":"http:\/\/5.45.101.177\/haut-allier\/usagers-transportse\/index.php\/2015\/01\/29\/pretexte-de-fermeture-pour-la165\/"},"modified":"2015-01-29T06:55:39","modified_gmt":"2015-01-29T05:55:39","slug":"pretexte-de-fermeture-pour-la165","status":"publish","type":"post","link":"https:\/\/usagers-transports.haut-allier.eu\/index.php\/2015\/01\/29\/pretexte-de-fermeture-pour-la165\/","title":{"rendered":"Pr\u00e9texte de fermeture pour la ligne du C\u00e9venol ? Remise en service apr\u00e8s le d\u00e9raillement repouss\u00e9e"},"content":{"rendered":"<p>Apr\u00e8s le <a href=\"http:\/\/usagers-transports.haut-allier.eu\/spip.php?article163\">d\u00e9raillement <\/a> jeudi dernier du train de fret vide d&rsquo;ECR \u00e0 Chapeauroux et les 2,5 kms de ligne endommag\u00e9s, <strong>la SNCF prendra-t-elle cet accident comme pr\u00e9texte pour fermer la ligne des C\u00e9vennes<\/strong> de la m\u00eame fa\u00e7on qu&rsquo;elle le fit dans le pass\u00e9 pour plusieurs axes dont elle voulait se d\u00e9barrasser ? On ne le souhaite pas mais ce d\u00e9lai d&rsquo;un mois \u00ab\u00a0en raison de conditions climatiques difficiles et de temp\u00e9rature n\u00e9gative\u00a0\u00bb n&rsquo;augure rien de bon pour la ligne.<br \/>\n&nbsp;<br \/>\nEvidemment durant toute la p\u00e9riode de travaux des bus de substitution sont mis en place entre Langeac et La Bastide Saint-Laurent les Bains mais  la soci\u00e9t\u00e9 dite ferroviaire conseille :  \u00ab\u00a0Dans la mesure du possible, les voyageurs au d\u00e9part de Clermont-Ferrand, effectuant le trajet de bout en bout, \u00e0 destination du Languedoc-Roussillon sont invit\u00e9s \u00e0 transiter par Lyon\u00a0\u00bb. Bien s\u00fbr&#8230; Des trajets au double du tarif normal. Pourquoi pas passer par Paris ?<br \/>\n&nbsp;<br \/>\nIl est n\u00e9cessaire de refaire les parapets des ouvrages d\u2019art, de v\u00e9rifier le gabarit d\u2019un tunnel, de remettre en \u00e9tat les installations en voie d\u2019un passage \u00e0 niveau et de remplacer pr\u00e8s de 1800 traverses et de refaire le ballast.<br \/>\n&nbsp;<br \/>\n<strong>La SNCF repousse donc de plusieurs semaines la r\u00e9ouverture de la ligne et annonce une remise en service fin f\u00e9vrier MINIMUM. Dont acte. Nous notons le non empressement.<\/strong><\/p>\n","protected":false},"excerpt":{"rendered":"<p>Apr\u00e8s le d\u00e9raillement jeudi dernier du train de fret vide d&rsquo;ECR \u00e0 Chapeauroux et les 2,5 kms de<\/p>\n","protected":false},"author":1,"featured_media":0,"comment_status":"closed","ping_status":"open","sticky":false,"template":"","format":"standard","meta":{"footnotes":""},"categories":[3],"tags":[],"class_list":["post-165","post","type-post","status-publish","format-standard","hentry","category-en-train"],"_links":{"self":[{"href":"https:\/\/usagers-transports.haut-allier.eu\/index.php\/wp-json\/wp\/v2\/posts\/165","targetHints":{"allow":["GET"]}}],"collection":[{"href":"https:\/\/usagers-transports.haut-allier.eu\/index.php\/wp-json\/wp\/v2\/posts"}],"about":[{"href":"https:\/\/usagers-transports.haut-allier.eu\/index.php\/wp-json\/wp\/v2\/types\/post"}],"author":[{"embeddable":true,"href":"https:\/\/usagers-transports.haut-allier.eu\/index.php\/wp-json\/wp\/v2\/users\/1"}],"replies":[{"embeddable":true,"href":"https:\/\/usagers-transports.haut-allier.eu\/index.php\/wp-json\/wp\/v2\/comments?post=165"}],"version-history":[{"count":0,"href":"https:\/\/usagers-transports.haut-allier.eu\/index.php\/wp-json\/wp\/v2\/posts\/165\/revisions"}],"wp:attachment":[{"href":"https:\/\/usagers-transports.haut-allier.eu\/index.php\/wp-json\/wp\/v2\/media?parent=165"}],"wp:term":[{"taxonomy":"category","embeddable":true,"href":"https:\/\/usagers-transports.haut-allier.eu\/index.php\/wp-json\/wp\/v2\/categories?post=165"},{"taxonomy":"post_tag","embeddable":true,"href":"https:\/\/usagers-transports.haut-allier.eu\/index.php\/wp-json\/wp\/v2\/tags?post=165"}],"curies":[{"name":"wp","href":"https:\/\/api.w.org\/{rel}","templated":true}]}}