{"id":166,"date":"2015-01-30T15:14:47","date_gmt":"2015-01-30T14:14:47","guid":{"rendered":"http:\/\/5.45.101.177\/haut-allier\/usagers-transportse\/index.php\/2015\/01\/30\/ligne-du-train-cevenol-aucun166\/"},"modified":"2015-01-30T15:14:47","modified_gmt":"2015-01-30T14:14:47","slug":"ligne-du-train-cevenol-aucun166","status":"publish","type":"post","link":"https:\/\/usagers-transports.haut-allier.eu\/index.php\/2015\/01\/30\/ligne-du-train-cevenol-aucun166\/","title":{"rendered":"Ligne du train C\u00e9venol : aucun service de substitution pr\u00e9vu pour les gorges du Haut-Allier [MAJ]"},"content":{"rendered":"<p>Voici le communiqu\u00e9 officiel de la SNCF concernant les travaux apr\u00e8s le d\u00e9raillement du train de fret \u00e0 Chapeauroux :<br \/>\n&nbsp;<br \/>\n<img decoding=\"async\" src=\"IMG\/jpg\/comm-sncf.jpg\" alt=\"comm-sncf.jpg\" align=\"center\" \/><br \/>\n&nbsp;<br \/>\nEt les nouveaux horaires sur lesquels on peut constater que la SNCF ne pr\u00e9voit aucun service de substitution pour les usagers des gorges du Haut Allier dont elle se contrefiche:<br \/>\n&nbsp;<br \/>\n<a href=\"IMG\/pdf\/Info_Trafic_NI-CLE_2401.pdf\">Info_Trafic_NI-CLE_2401.pdf<\/a><br \/>\n&nbsp;<br \/>\n[Mise \u00e0 Jour du 30 janvier 18h30]<br \/>\n&nbsp;<br \/>\n<strong>Florian via twitter nous communique :<\/strong><br \/>\n&nbsp;<br \/>\nCette fiche n&rsquo;est pas actualis\u00e9, on fait du Taxi A la Demande sur la vall\u00e9e. Il suffit d&rsquo;appeler contact TER ou de joindre les gares encadrantes via les t\u00e9l\u00e9phones en gare.<br \/>\n&nbsp;<br \/>\n<img decoding=\"async\" src=\"IMG\/jpg\/B8nNdxOIcAAOF23.jpg\" alt=\"B8nNdxOIcAAOF23.jpg\" align=\"center\" \/><\/p>\n","protected":false},"excerpt":{"rendered":"<p>Voici le communiqu\u00e9 officiel de la SNCF concernant les travaux apr\u00e8s le d\u00e9raillement du train de fret \u00e0<\/p>\n","protected":false},"author":1,"featured_media":0,"comment_status":"closed","ping_status":"open","sticky":false,"template":"","format":"standard","meta":{"footnotes":""},"categories":[3],"tags":[],"class_list":["post-166","post","type-post","status-publish","format-standard","hentry","category-en-train"],"_links":{"self":[{"href":"https:\/\/usagers-transports.haut-allier.eu\/index.php\/wp-json\/wp\/v2\/posts\/166","targetHints":{"allow":["GET"]}}],"collection":[{"href":"https:\/\/usagers-transports.haut-allier.eu\/index.php\/wp-json\/wp\/v2\/posts"}],"about":[{"href":"https:\/\/usagers-transports.haut-allier.eu\/index.php\/wp-json\/wp\/v2\/types\/post"}],"author":[{"embeddable":true,"href":"https:\/\/usagers-transports.haut-allier.eu\/index.php\/wp-json\/wp\/v2\/users\/1"}],"replies":[{"embeddable":true,"href":"https:\/\/usagers-transports.haut-allier.eu\/index.php\/wp-json\/wp\/v2\/comments?post=166"}],"version-history":[{"count":0,"href":"https:\/\/usagers-transports.haut-allier.eu\/index.php\/wp-json\/wp\/v2\/posts\/166\/revisions"}],"wp:attachment":[{"href":"https:\/\/usagers-transports.haut-allier.eu\/index.php\/wp-json\/wp\/v2\/media?parent=166"}],"wp:term":[{"taxonomy":"category","embeddable":true,"href":"https:\/\/usagers-transports.haut-allier.eu\/index.php\/wp-json\/wp\/v2\/categories?post=166"},{"taxonomy":"post_tag","embeddable":true,"href":"https:\/\/usagers-transports.haut-allier.eu\/index.php\/wp-json\/wp\/v2\/tags?post=166"}],"curies":[{"name":"wp","href":"https:\/\/api.w.org\/{rel}","templated":true}]}}