{"id":167,"date":"2015-01-31T18:25:58","date_gmt":"2015-01-31T17:25:58","guid":{"rendered":"http:\/\/5.45.101.177\/haut-allier\/usagers-transportse\/index.php\/2015\/01\/31\/ligne-du-cevenol-un-point-sur-les167\/"},"modified":"2015-01-31T18:25:58","modified_gmt":"2015-01-31T17:25:58","slug":"ligne-du-cevenol-un-point-sur-les167","status":"publish","type":"post","link":"https:\/\/usagers-transports.haut-allier.eu\/index.php\/2015\/01\/31\/ligne-du-cevenol-un-point-sur-les167\/","title":{"rendered":"Ligne du C\u00e9venol : un point sur les travaux apr\u00e8s le d\u00e9raillement de Chapeauroux"},"content":{"rendered":"<p>France 3 Languedoc Roussillon vient de diffuser un reportage sur les travaux de remise en \u00e9tat en cours dans les gorges de L&rsquo;Allier apr\u00e8s le d\u00e9raillement du train de fret. On notera bien la date de reprise de la circulation : fin f\u00e9vrier minimum comme cela avait d\u00e9j\u00e0 \u00e9t\u00e9 annonc\u00e9, vu le froid et la neige actuels.<br \/>\n&nbsp;<\/p>\n<p><iframe loading=\"lazy\" frameborder=\"0\" width=\"540\" height=\"300\" src=\"http:\/\/api.dmcloud.net\/player\/embed\/4f3d114d94a6f66945000325\/54ccadb894739934e079448a\/c798a0ee63cb41b7852d8a816137ceae?exported=1\"><\/iframe><\/p>\n","protected":false},"excerpt":{"rendered":"<p>France 3 Languedoc Roussillon vient de diffuser un reportage sur les travaux de remise en \u00e9tat en cours<\/p>\n","protected":false},"author":1,"featured_media":0,"comment_status":"closed","ping_status":"open","sticky":false,"template":"","format":"standard","meta":{"footnotes":""},"categories":[3],"tags":[],"class_list":["post-167","post","type-post","status-publish","format-standard","hentry","category-en-train"],"_links":{"self":[{"href":"https:\/\/usagers-transports.haut-allier.eu\/index.php\/wp-json\/wp\/v2\/posts\/167","targetHints":{"allow":["GET"]}}],"collection":[{"href":"https:\/\/usagers-transports.haut-allier.eu\/index.php\/wp-json\/wp\/v2\/posts"}],"about":[{"href":"https:\/\/usagers-transports.haut-allier.eu\/index.php\/wp-json\/wp\/v2\/types\/post"}],"author":[{"embeddable":true,"href":"https:\/\/usagers-transports.haut-allier.eu\/index.php\/wp-json\/wp\/v2\/users\/1"}],"replies":[{"embeddable":true,"href":"https:\/\/usagers-transports.haut-allier.eu\/index.php\/wp-json\/wp\/v2\/comments?post=167"}],"version-history":[{"count":0,"href":"https:\/\/usagers-transports.haut-allier.eu\/index.php\/wp-json\/wp\/v2\/posts\/167\/revisions"}],"wp:attachment":[{"href":"https:\/\/usagers-transports.haut-allier.eu\/index.php\/wp-json\/wp\/v2\/media?parent=167"}],"wp:term":[{"taxonomy":"category","embeddable":true,"href":"https:\/\/usagers-transports.haut-allier.eu\/index.php\/wp-json\/wp\/v2\/categories?post=167"},{"taxonomy":"post_tag","embeddable":true,"href":"https:\/\/usagers-transports.haut-allier.eu\/index.php\/wp-json\/wp\/v2\/tags?post=167"}],"curies":[{"name":"wp","href":"https:\/\/api.w.org\/{rel}","templated":true}]}}