{"id":169,"date":"2015-02-05T06:58:31","date_gmt":"2015-02-05T05:58:31","guid":{"rendered":"http:\/\/5.45.101.177\/haut-allier\/usagers-transportse\/index.php\/2015\/02\/05\/comble-et-delectation-la-sncf169\/"},"modified":"2015-02-05T06:58:31","modified_gmt":"2015-02-05T05:58:31","slug":"comble-et-delectation-la-sncf169","status":"publish","type":"post","link":"https:\/\/usagers-transports.haut-allier.eu\/index.php\/2015\/02\/05\/comble-et-delectation-la-sncf169\/","title":{"rendered":"Comble et d\u00e9lectation : la SNCF ferme les gares de la ligne du C\u00e9venol et porte plainte contre ses usagers [MAJ]"},"content":{"rendered":"<p>Avec la SNCF c&rsquo;est toujours possible ! <a href=\"http:\/\/www.midilibre.fr\/2015\/02\/04\/la-sncf-porte-plainte-contre-le-comite-de-defense-des-services-publics,1120728.php#xtor=RSS-5\">Midi Libre<\/a> nous l&rsquo;apprend : la soci\u00e9t\u00e9 dite ferroviaire ose porter plainte contre le Comit\u00e9 de d\u00e9fense des services publics et son pr\u00e9sident, eux qui ont eu l&rsquo;outrecuidance de <a href=\"http:\/\/usagers-transports.haut-allier.eu\/spip.php?article159\">protester<\/a> ces derni\u00e8res semaines \u00e0 G\u00e9nolhac dans le Gard contre la fermeture des guichets de leurs trois gares sur la ligne du train C\u00e9venol. Mais nous lui conseillons d&rsquo;aller jusqu&rsquo;au bout de sa d\u00e9marche : il faut imp\u00e9rativement aussi qu&rsquo;elle porte plainte contre tous les \u00e9lus des C\u00e9vennes qui soutiennent le comit\u00e9. Afin que le ridicule explose un peu plus dans les m\u00e9dias.<br \/>\n&nbsp;<br \/>\nLe comit\u00e9 doit heureusement rencontrer bient\u00f4t le sous-pr\u00e9fet du Gard et il va aussi \u00eatre question de cette plainte pour, tenez-vous bien,  \u00ab\u00a0entrave \u00e0 la circulation des trains\u00a0\u00bb.<br \/>\n&nbsp;<br \/>\nMardi 17 f\u00e9vrier \u00e0 10h tous les membres du Comit\u00e9 de d\u00e9fense se sont port\u00e9s volontaires pour accompagner le pr\u00e9sident Claude Magnien \u00e0 sa convocation \u00e0 la gendarmerie de G\u00e9nolhac. Ils demanderont \u00e0 \u00eatre entendus eux aussi par solidarit\u00e9.<br \/>\n&nbsp;<br \/>\nOn savait le groupe de transports cynique mais certainement a-t-il tr\u00e8s mal dig\u00e9r\u00e9 la <a href=\"http:\/\/usagers-transports.haut-allier.eu\/spip.php?article162\">lettre <\/a> du pr\u00e9sident de r\u00e9gion Damien Alary qui lui demandait des explications sur la fermeture, justement, des guichets de ces gares. Ce groupe dont le pr\u00e9sident P\u00e9py s&rsquo;offusque en permanence dans les m\u00e9dias du <em>SNCF bashing<\/em>. On attend toujours la r\u00e9ponse que nous ne manquerons pas de commenter ici une fois rendue publique.<br \/>\n&nbsp;<br \/>\n<strong>Ailleurs dans la presse on se gausse, surtout en Midi Pyr\u00e9n\u00e9es :<\/strong><br \/>\n&nbsp;<br \/>\n&#8211; La D\u00e9p\u00eache du Midi : <a href=\"http:\/\/www.ladepeche.fr\/article\/2015\/02\/02\/2041748-languedoc-roussillon-la-guerre-des-gares-fantomes.html\">Languedoc-Roussillon, La guerre des gares fant\u00f4mes<\/a><br \/>\n&nbsp;<br \/>\n<img decoding=\"async\" src=\"IMG\/jpg\/depeche.jpg\" alt=\"depeche.jpg\" align=\"center\" \/><br \/>\n&nbsp;<br \/>\n&#8211; France 3 Pays Gardois du 5 f\u00e9vrier 2015 (script) :<br \/>\n&nbsp;<br \/>\n[(La tension persiste \u00e0 G\u00e9nolhac entre usagers et SNCF. Le comit\u00e9 de d\u00e9fense des services publics a bloqu\u00e9 \u00e0 plusieurs reprises les trains pour protester contre la fermeture des guichets. Son pr\u00e9sident est convoqu\u00e9 le 17 f\u00e9vrier \u00e0 la gendarmerie apr\u00e8s la plainte d\u00e9pos\u00e9e par la SNCF pour entrave \u00e0 la circulation. Mais les autres militants demandent \u00e0 \u00eatre entendus eux aussi.<br \/>\n)]<\/p>\n<p>&nbsp;<\/p>\n","protected":false},"excerpt":{"rendered":"<p>Avec la SNCF c&rsquo;est toujours possible ! Midi Libre nous l&rsquo;apprend : la soci\u00e9t\u00e9 dite ferroviaire ose porter<\/p>\n","protected":false},"author":1,"featured_media":0,"comment_status":"closed","ping_status":"open","sticky":false,"template":"","format":"standard","meta":{"footnotes":""},"categories":[3],"tags":[],"class_list":["post-169","post","type-post","status-publish","format-standard","hentry","category-en-train"],"_links":{"self":[{"href":"https:\/\/usagers-transports.haut-allier.eu\/index.php\/wp-json\/wp\/v2\/posts\/169","targetHints":{"allow":["GET"]}}],"collection":[{"href":"https:\/\/usagers-transports.haut-allier.eu\/index.php\/wp-json\/wp\/v2\/posts"}],"about":[{"href":"https:\/\/usagers-transports.haut-allier.eu\/index.php\/wp-json\/wp\/v2\/types\/post"}],"author":[{"embeddable":true,"href":"https:\/\/usagers-transports.haut-allier.eu\/index.php\/wp-json\/wp\/v2\/users\/1"}],"replies":[{"embeddable":true,"href":"https:\/\/usagers-transports.haut-allier.eu\/index.php\/wp-json\/wp\/v2\/comments?post=169"}],"version-history":[{"count":0,"href":"https:\/\/usagers-transports.haut-allier.eu\/index.php\/wp-json\/wp\/v2\/posts\/169\/revisions"}],"wp:attachment":[{"href":"https:\/\/usagers-transports.haut-allier.eu\/index.php\/wp-json\/wp\/v2\/media?parent=169"}],"wp:term":[{"taxonomy":"category","embeddable":true,"href":"https:\/\/usagers-transports.haut-allier.eu\/index.php\/wp-json\/wp\/v2\/categories?post=169"},{"taxonomy":"post_tag","embeddable":true,"href":"https:\/\/usagers-transports.haut-allier.eu\/index.php\/wp-json\/wp\/v2\/tags?post=169"}],"curies":[{"name":"wp","href":"https:\/\/api.w.org\/{rel}","templated":true}]}}