{"id":170,"date":"2015-02-09T08:03:56","date_gmt":"2015-02-09T07:03:56","guid":{"rendered":"http:\/\/5.45.101.177\/haut-allier\/usagers-transportse\/index.php\/2015\/02\/09\/la-ligne-du-cevenol-sera-t-elle170\/"},"modified":"2015-02-09T08:03:56","modified_gmt":"2015-02-09T07:03:56","slug":"la-ligne-du-cevenol-sera-t-elle170","status":"publish","type":"post","link":"https:\/\/usagers-transports.haut-allier.eu\/index.php\/2015\/02\/09\/la-ligne-du-cevenol-sera-t-elle170\/","title":{"rendered":"La ligne du C\u00e9venol sera-t-elle rouverte le 27 mars ? Ou d\u00e9but juillet ? Ou ferm\u00e9e d\u00e9finitivement ?"},"content":{"rendered":"<p>Nouveau coup dur pour les usagers : le sort et la mauvaise volont\u00e9 de la soci\u00e9t\u00e9 dite ferroviaire s&rsquo;acharne sur notre service de transports par trains. Apr\u00e8s le d\u00e9raillement des wagons de fret d&rsquo;une soci\u00e9t\u00e9 priv\u00e9e \u00e0 Chapeauroux le 22 janvier dernier, le mauvais temps s&rsquo;est ajout\u00e9 et a rendu les d\u00e9lais de remise en \u00e9tat plus longs, ils seraient termin\u00e9s le 18 f\u00e9vrier. Mais ceci est sans compter le non empressement de la SNCF qui va faire durer la r\u00e9ouverture jusqu&rsquo;au 27 mars prochain MINIMUM a-t-elle pr\u00e9vu sur son planning, nous souffle-t-on.<br \/>\n&nbsp;<br \/>\nDes travaux programm\u00e9s depuis longtemps <strong>de fin mai \u00e0 d\u00e9but juillet<\/strong> vont \u00e9galement couper la ligne.<br \/>\n&nbsp;<br \/>\nAinsi la SNCF sera-t-elle tent\u00e9e de ne tout simplement pas la rouvrir, pr\u00e9textant que ses statistiques de fr\u00e9quentation ont \u00e9t\u00e9 mauvaises ? Cela se pourrait bien puisque Guillaume P\u00e9py son pr\u00e9sident affichait il y a peu <em>son inqui\u00e9tude au sujet de la ligne des C\u00e9vennes<\/em>. Lui qui ferme ses gares et ses guichets.<br \/>\n&nbsp;<br \/>\n<img decoding=\"async\" src=\"IMG\/jpg\/usagers-transports-haut-allier-eu-gare-alleyras-08janvier2015.jpg\" alt=\"usagers-transports-haut-allier-eu-gare-alleyras-08janvier2015.jpg\" align=\"center\" \/><br \/>\n&nbsp;<br \/>\n<em>La gare halte d&rsquo;Alleyras, d\u00e9serte hier et pour encore plusieurs semaines voire plusieurs mois, voire ferm\u00e9e d\u00e9finitivement [photo VS] <\/em><br \/>\n&nbsp; <\/p>\n","protected":false},"excerpt":{"rendered":"<p>Nouveau coup dur pour les usagers : le sort et la mauvaise volont\u00e9 de la soci\u00e9t\u00e9 dite ferroviaire<\/p>\n","protected":false},"author":1,"featured_media":0,"comment_status":"closed","ping_status":"open","sticky":false,"template":"","format":"standard","meta":{"footnotes":""},"categories":[3],"tags":[],"class_list":["post-170","post","type-post","status-publish","format-standard","hentry","category-en-train"],"_links":{"self":[{"href":"https:\/\/usagers-transports.haut-allier.eu\/index.php\/wp-json\/wp\/v2\/posts\/170","targetHints":{"allow":["GET"]}}],"collection":[{"href":"https:\/\/usagers-transports.haut-allier.eu\/index.php\/wp-json\/wp\/v2\/posts"}],"about":[{"href":"https:\/\/usagers-transports.haut-allier.eu\/index.php\/wp-json\/wp\/v2\/types\/post"}],"author":[{"embeddable":true,"href":"https:\/\/usagers-transports.haut-allier.eu\/index.php\/wp-json\/wp\/v2\/users\/1"}],"replies":[{"embeddable":true,"href":"https:\/\/usagers-transports.haut-allier.eu\/index.php\/wp-json\/wp\/v2\/comments?post=170"}],"version-history":[{"count":0,"href":"https:\/\/usagers-transports.haut-allier.eu\/index.php\/wp-json\/wp\/v2\/posts\/170\/revisions"}],"wp:attachment":[{"href":"https:\/\/usagers-transports.haut-allier.eu\/index.php\/wp-json\/wp\/v2\/media?parent=170"}],"wp:term":[{"taxonomy":"category","embeddable":true,"href":"https:\/\/usagers-transports.haut-allier.eu\/index.php\/wp-json\/wp\/v2\/categories?post=170"},{"taxonomy":"post_tag","embeddable":true,"href":"https:\/\/usagers-transports.haut-allier.eu\/index.php\/wp-json\/wp\/v2\/tags?post=170"}],"curies":[{"name":"wp","href":"https:\/\/api.w.org\/{rel}","templated":true}]}}