{"id":171,"date":"2015-02-10T20:37:15","date_gmt":"2015-02-10T19:37:15","guid":{"rendered":"http:\/\/5.45.101.177\/haut-allier\/usagers-transportse\/index.php\/2015\/02\/10\/gares-et-guichets-fermes-de-la171\/"},"modified":"2015-02-10T20:37:15","modified_gmt":"2015-02-10T19:37:15","slug":"gares-et-guichets-fermes-de-la171","status":"publish","type":"post","link":"https:\/\/usagers-transports.haut-allier.eu\/index.php\/2015\/02\/10\/gares-et-guichets-fermes-de-la171\/","title":{"rendered":"Gares et guichets ferm\u00e9s de la ligne du C\u00e9venol : les usagers SNCF du Gard \u00e0 Paris"},"content":{"rendered":"<p>Ils sont mont\u00e9s \u00e0 Paris \u00e0 l&rsquo;occasion de la manifestation organis\u00e9e pour la d\u00e9fense du service public ferroviaire : ce sont nos voisins de l&rsquo;association des usagers SNCF du Gard et des d\u00e9partements limitrophes.<br \/>\n&nbsp;<br \/>\n Voici un article sur la Marseillaise du 10 f\u00e9vrier 2015 \u00e9dition du Gard :<br \/>\n&nbsp;<br \/>\n<img decoding=\"async\" src=\"IMG\/png\/marseille_Egar_20150210-800.png\" alt=\"marseille_Egar_20150210-800.png\" align=\"center\" \/><br \/>\n&nbsp;<br \/>\n<strong>Le sous-pr\u00e9fet recevra les usagers<\/strong><br \/>\n&nbsp;<br \/>\nPour \u00eatre complet le comit\u00e9 de d\u00e9fense des services publics et des usagers dans les Hautes C\u00e9vennes sera partie prenante d&rsquo;une table ronde organis\u00e9e le 19 f\u00e9vrier prochain en sous-pr\u00e9fecture d&rsquo;Al\u00e8s. Une r\u00e9union pr\u00e9paratoire aura lieu \u00e0 G\u00e9nolhac vendredi 13 f\u00e9vrier \u00e0 14h30.<br \/>\n&nbsp;<br \/>\n<strong>Dans les m\u00e9dias :<\/strong><br \/>\n&nbsp;<br \/>\n&#8211; sur M\u00e9diapart : <a href=\"http:\/\/blogs.mediapart.fr\/blog\/fbernonwanadoofr\/100215\/les-cevenols-se-battent-pour-garder-le-train\">Les C\u00e9venols se battent pour garder le train.<\/a><br \/>\n&nbsp;<\/p>\n","protected":false},"excerpt":{"rendered":"<p>Ils sont mont\u00e9s \u00e0 Paris \u00e0 l&rsquo;occasion de la manifestation organis\u00e9e pour la d\u00e9fense du service public ferroviaire<\/p>\n","protected":false},"author":1,"featured_media":0,"comment_status":"closed","ping_status":"open","sticky":false,"template":"","format":"standard","meta":{"footnotes":""},"categories":[3],"tags":[],"class_list":["post-171","post","type-post","status-publish","format-standard","hentry","category-en-train"],"_links":{"self":[{"href":"https:\/\/usagers-transports.haut-allier.eu\/index.php\/wp-json\/wp\/v2\/posts\/171","targetHints":{"allow":["GET"]}}],"collection":[{"href":"https:\/\/usagers-transports.haut-allier.eu\/index.php\/wp-json\/wp\/v2\/posts"}],"about":[{"href":"https:\/\/usagers-transports.haut-allier.eu\/index.php\/wp-json\/wp\/v2\/types\/post"}],"author":[{"embeddable":true,"href":"https:\/\/usagers-transports.haut-allier.eu\/index.php\/wp-json\/wp\/v2\/users\/1"}],"replies":[{"embeddable":true,"href":"https:\/\/usagers-transports.haut-allier.eu\/index.php\/wp-json\/wp\/v2\/comments?post=171"}],"version-history":[{"count":0,"href":"https:\/\/usagers-transports.haut-allier.eu\/index.php\/wp-json\/wp\/v2\/posts\/171\/revisions"}],"wp:attachment":[{"href":"https:\/\/usagers-transports.haut-allier.eu\/index.php\/wp-json\/wp\/v2\/media?parent=171"}],"wp:term":[{"taxonomy":"category","embeddable":true,"href":"https:\/\/usagers-transports.haut-allier.eu\/index.php\/wp-json\/wp\/v2\/categories?post=171"},{"taxonomy":"post_tag","embeddable":true,"href":"https:\/\/usagers-transports.haut-allier.eu\/index.php\/wp-json\/wp\/v2\/tags?post=171"}],"curies":[{"name":"wp","href":"https:\/\/api.w.org\/{rel}","templated":true}]}}