{"id":173,"date":"2015-02-12T09:14:21","date_gmt":"2015-02-12T08:14:21","guid":{"rendered":"http:\/\/5.45.101.177\/haut-allier\/usagers-transportse\/index.php\/2015\/02\/12\/ligne-du-cevenol-soyons-charlot-le173\/"},"modified":"2015-02-12T09:14:21","modified_gmt":"2015-02-12T08:14:21","slug":"ligne-du-cevenol-soyons-charlot-le173","status":"publish","type":"post","link":"https:\/\/usagers-transports.haut-allier.eu\/index.php\/2015\/02\/12\/ligne-du-cevenol-soyons-charlot-le173\/","title":{"rendered":"Ligne du C\u00e9venol : Soyons Charlot le 17\/02 pour soutenir les usagers attaqu\u00e9s !"},"content":{"rendered":"<p>La SNCF et sa direction r\u00e9gionale Languedoc Roussillon ont os\u00e9 attaquer les usagers qui d\u00e9fendent la r\u00e9ouverture imm\u00e9diate des guichets de leurs gares sur la ligne des C\u00e9vennes \u00e0 travers le pr\u00e9sident du Comit\u00e9 de d\u00e9fense des services publics qui est convoqu\u00e9 \u00e0 G\u00e9nolhac (30) vendredi prochain.<br \/>\n&nbsp;<br \/>\nCe sera donc CARNAVAL !<br \/>\n&nbsp;<br \/>\n<strong>SOYONS CHARLOT<\/strong><br \/>\nPOUR LA CONVOCATION<br \/>\nA LA GENDARMERIE DE GENOLHAC<br \/>\n<strong>VENDREDI 17 FEVRIER 2015 A 10 H<\/strong><br \/>\n&nbsp;<br \/>\n<img decoding=\"async\" src=\"IMG\/jpg\/ob_9acb5b_charlot.jpg\" alt=\"ob_9acb5b_charlot.jpg\" align=\"center\" \/><\/p>\n","protected":false},"excerpt":{"rendered":"<p>La SNCF et sa direction r\u00e9gionale Languedoc Roussillon ont os\u00e9 attaquer les usagers qui d\u00e9fendent la r\u00e9ouverture imm\u00e9diate<\/p>\n","protected":false},"author":1,"featured_media":0,"comment_status":"closed","ping_status":"open","sticky":false,"template":"","format":"standard","meta":{"footnotes":""},"categories":[3],"tags":[],"class_list":["post-173","post","type-post","status-publish","format-standard","hentry","category-en-train"],"_links":{"self":[{"href":"https:\/\/usagers-transports.haut-allier.eu\/index.php\/wp-json\/wp\/v2\/posts\/173","targetHints":{"allow":["GET"]}}],"collection":[{"href":"https:\/\/usagers-transports.haut-allier.eu\/index.php\/wp-json\/wp\/v2\/posts"}],"about":[{"href":"https:\/\/usagers-transports.haut-allier.eu\/index.php\/wp-json\/wp\/v2\/types\/post"}],"author":[{"embeddable":true,"href":"https:\/\/usagers-transports.haut-allier.eu\/index.php\/wp-json\/wp\/v2\/users\/1"}],"replies":[{"embeddable":true,"href":"https:\/\/usagers-transports.haut-allier.eu\/index.php\/wp-json\/wp\/v2\/comments?post=173"}],"version-history":[{"count":0,"href":"https:\/\/usagers-transports.haut-allier.eu\/index.php\/wp-json\/wp\/v2\/posts\/173\/revisions"}],"wp:attachment":[{"href":"https:\/\/usagers-transports.haut-allier.eu\/index.php\/wp-json\/wp\/v2\/media?parent=173"}],"wp:term":[{"taxonomy":"category","embeddable":true,"href":"https:\/\/usagers-transports.haut-allier.eu\/index.php\/wp-json\/wp\/v2\/categories?post=173"},{"taxonomy":"post_tag","embeddable":true,"href":"https:\/\/usagers-transports.haut-allier.eu\/index.php\/wp-json\/wp\/v2\/tags?post=173"}],"curies":[{"name":"wp","href":"https:\/\/api.w.org\/{rel}","templated":true}]}}