{"id":174,"date":"2015-02-26T05:50:00","date_gmt":"2015-02-26T04:50:00","guid":{"rendered":"http:\/\/5.45.101.177\/haut-allier\/usagers-transportse\/index.php\/2015\/02\/26\/cevennes-la-ligne-ferroviaire-ales174\/"},"modified":"2015-02-26T05:50:00","modified_gmt":"2015-02-26T04:50:00","slug":"cevennes-la-ligne-ferroviaire-ales174","status":"publish","type":"post","link":"https:\/\/usagers-transports.haut-allier.eu\/index.php\/2015\/02\/26\/cevennes-la-ligne-ferroviaire-ales174\/","title":{"rendered":"C\u00e9vennes : la ligne ferroviaire Al\u00e8s Bess\u00e8ges rouverte ? [MAJ]"},"content":{"rendered":"<p><strong>[Mise \u00e0 jour du 26 f\u00e9vrier]<\/strong><br \/>\n&nbsp;<br \/>\n4 conseillers g\u00e9n\u00e9raux du Gard viennent de demander une r\u00e9union urgente au pr\u00e9fet afin d&rsquo;arr\u00eater les tergiversations autour de cette ligne et de prendre des mesures concr\u00e8tes :<br \/>\n&nbsp;<br \/>\n<img decoding=\"async\" src=\"IMG\/jpg\/usagers-transports-haut-allier-eu-Un-courrier-au-prefet-sur-Ales-Besseges-ML.jpg\" alt=\"usagers-transports-haut-allier-eu-Un-courrier-au-prefet-sur-Ales-Besseges-ML.jpg\" align=\"center\" \/><br \/>\n&nbsp;<\/p>\n<p><strong>[Article du 13 f\u00e9vrier]<\/strong><br \/>\n&nbsp;<br \/>\nLa ligne SNCF Al\u00e8s Bess\u00e8ges ferm\u00e9e il y a quelques ann\u00e9es par la SNCF avec la complicit\u00e9 active de la r\u00e9gion Languedoc Roussillon version Bourquin Fr\u00eache peut-elle rouvrir ?<br \/>\n&nbsp;<br \/>\n<img decoding=\"async\" src=\"IMG\/png\/ligne-ales-besseges-usagers-transports-haut-alllier-eu.png\" alt=\"ligne-ales-besseges-usagers-transports-haut-alllier-eu.png\" align=\"center\" \/><br \/>\n&nbsp;<br \/>\nLa d\u00e9cision ne tient qu&rsquo;\u00e0 la volont\u00e9 du nouveau pr\u00e9sident de r\u00e9gion Damien Alary qui <a href=\"http:\/\/usagers-transports.haut-allier.eu\/spip.php?article162\">a commenc\u00e9 \u00e0 s&rsquo;int\u00e9resser<\/a> aux axes de transport public par trains dits \u00ab\u00a0secondaires\u00a0\u00bb de son territoire et que la SNCF d\u00e9laisse et dont elle se d\u00e9sint\u00e9resse. C&rsquo;est quotidiennement que ses agissements le prouvent accompagn\u00e9s de la rengaine au sujet de la non rentabilit\u00e9 qu&rsquo;entonne le pr\u00e9sident du groupe dit ferroviaire Guillaume P\u00e9py. Petite chanson renouvel\u00e9e une nouvelle fois aujourd&rsquo;hui m\u00eame dans le rapport d&rsquo;activit\u00e9 de la SNCF en 2014 publi\u00e9 ce matin.<br \/>\n&nbsp;<br \/>\n<a href=\"IMG\/pdf\/SNCF-Resultats-annuels-2014-12-02-2015.pdf\">SNCF-Resultats-annuels-2014-12-02-2015.pdf<\/a><br \/>\n&nbsp;<br \/>\nEn tous cas une r\u00e9union d\u00e9cisive a lieu \u00e0 Saint-Ambroix le 20 f\u00e9vrier prochain pour d\u00e9battre des choix possibles, un syst\u00e8me de tram-bus ou une solution bas\u00e9e sur le train que le comit\u00e9 de d\u00e9fense et de modernisation de la ligne pourra appuyer devant tous les responsables et d\u00e9cideurs.<br \/>\n&nbsp;<br \/>\n<strong>Alors que dans de nombreuses r\u00e9gions volontaristes, PACA ou Midi Pyr\u00e9n\u00e9es par exemple on ouvre ou rouvre des gares et des lignes, en Languedoc Roussillon c&rsquo;est depuis de tr\u00e8s nombreuses ann\u00e9es la soupe \u00e0 la grimace avec des fermetures permanentes en cours ou annonc\u00e9es. Les habitants vont-ils le supporter encore longtemps ?<\/strong><br \/>\n&nbsp;<br \/>\nInt\u00e9ressant article dans <a href=\"http:\/\/www.objectifgard.com\/2015\/02\/12\/saint-ambroix-comite-ligne-ales-besseges-se-reunira-20-fevrier\/\">Objectif Gard<\/a> qui fait le point sur cette possible r\u00e9ouverture.<br \/>\n&nbsp;<\/p>\n","protected":false},"excerpt":{"rendered":"<p>[Mise \u00e0 jour du 26 f\u00e9vrier] &nbsp; 4 conseillers g\u00e9n\u00e9raux du Gard viennent de demander une r\u00e9union urgente<\/p>\n","protected":false},"author":1,"featured_media":0,"comment_status":"closed","ping_status":"open","sticky":false,"template":"","format":"standard","meta":{"footnotes":""},"categories":[3],"tags":[],"class_list":["post-174","post","type-post","status-publish","format-standard","hentry","category-en-train"],"_links":{"self":[{"href":"https:\/\/usagers-transports.haut-allier.eu\/index.php\/wp-json\/wp\/v2\/posts\/174","targetHints":{"allow":["GET"]}}],"collection":[{"href":"https:\/\/usagers-transports.haut-allier.eu\/index.php\/wp-json\/wp\/v2\/posts"}],"about":[{"href":"https:\/\/usagers-transports.haut-allier.eu\/index.php\/wp-json\/wp\/v2\/types\/post"}],"author":[{"embeddable":true,"href":"https:\/\/usagers-transports.haut-allier.eu\/index.php\/wp-json\/wp\/v2\/users\/1"}],"replies":[{"embeddable":true,"href":"https:\/\/usagers-transports.haut-allier.eu\/index.php\/wp-json\/wp\/v2\/comments?post=174"}],"version-history":[{"count":0,"href":"https:\/\/usagers-transports.haut-allier.eu\/index.php\/wp-json\/wp\/v2\/posts\/174\/revisions"}],"wp:attachment":[{"href":"https:\/\/usagers-transports.haut-allier.eu\/index.php\/wp-json\/wp\/v2\/media?parent=174"}],"wp:term":[{"taxonomy":"category","embeddable":true,"href":"https:\/\/usagers-transports.haut-allier.eu\/index.php\/wp-json\/wp\/v2\/categories?post=174"},{"taxonomy":"post_tag","embeddable":true,"href":"https:\/\/usagers-transports.haut-allier.eu\/index.php\/wp-json\/wp\/v2\/tags?post=174"}],"curies":[{"name":"wp","href":"https:\/\/api.w.org\/{rel}","templated":true}]}}