{"id":175,"date":"2015-02-18T06:17:38","date_gmt":"2015-02-18T05:17:38","guid":{"rendered":"http:\/\/5.45.101.177\/haut-allier\/usagers-transportse\/index.php\/2015\/02\/18\/train-en-languedoc-roussillon-les175\/"},"modified":"2015-02-18T06:17:38","modified_gmt":"2015-02-18T05:17:38","slug":"train-en-languedoc-roussillon-les175","status":"publish","type":"post","link":"https:\/\/usagers-transports.haut-allier.eu\/index.php\/2015\/02\/18\/train-en-languedoc-roussillon-les175\/","title":{"rendered":"Train en Languedoc Roussillon : les lignes sans horizon pour la SNCF"},"content":{"rendered":"<p>On le sait l&rsquo;horizon de la soci\u00e9t\u00e9 dite ferroviaire c&rsquo;est le tout TGV et les autobus grandes lignes. Et donc l&rsquo;abandon par elle des lignes historiques sur lesquelles elle a b\u00e2ti son m\u00e9tier se confirme de plus belle.<br \/>\n&nbsp;<br \/>\nTr\u00e8s bonne page de Midi Libre qui fait le point sur les lignes ferroviaires abandonn\u00e9es dans la r\u00e9gion par la SNCF, que ce soit a ligne du train C\u00e9venol, la ligne Al\u00e8s Bess\u00e8ges, celle du petit train jaune, Carcassonne Quillan&#8230;<br \/>\n&nbsp;<br \/>\n Ci dessous :<br \/>\n&nbsp;<br \/>\n<img decoding=\"async\" src=\"IMG\/jpg\/DOC170215-17022015132036-2.jpg\" alt=\"DOC170215-17022015132036-2.jpg\" align=\"center\" \/><br \/>\n&nbsp;<\/p>\n","protected":false},"excerpt":{"rendered":"<p>On le sait l&rsquo;horizon de la soci\u00e9t\u00e9 dite ferroviaire c&rsquo;est le tout TGV et les autobus grandes lignes.<\/p>\n","protected":false},"author":1,"featured_media":0,"comment_status":"closed","ping_status":"open","sticky":false,"template":"","format":"standard","meta":{"footnotes":""},"categories":[3],"tags":[],"class_list":["post-175","post","type-post","status-publish","format-standard","hentry","category-en-train"],"_links":{"self":[{"href":"https:\/\/usagers-transports.haut-allier.eu\/index.php\/wp-json\/wp\/v2\/posts\/175","targetHints":{"allow":["GET"]}}],"collection":[{"href":"https:\/\/usagers-transports.haut-allier.eu\/index.php\/wp-json\/wp\/v2\/posts"}],"about":[{"href":"https:\/\/usagers-transports.haut-allier.eu\/index.php\/wp-json\/wp\/v2\/types\/post"}],"author":[{"embeddable":true,"href":"https:\/\/usagers-transports.haut-allier.eu\/index.php\/wp-json\/wp\/v2\/users\/1"}],"replies":[{"embeddable":true,"href":"https:\/\/usagers-transports.haut-allier.eu\/index.php\/wp-json\/wp\/v2\/comments?post=175"}],"version-history":[{"count":0,"href":"https:\/\/usagers-transports.haut-allier.eu\/index.php\/wp-json\/wp\/v2\/posts\/175\/revisions"}],"wp:attachment":[{"href":"https:\/\/usagers-transports.haut-allier.eu\/index.php\/wp-json\/wp\/v2\/media?parent=175"}],"wp:term":[{"taxonomy":"category","embeddable":true,"href":"https:\/\/usagers-transports.haut-allier.eu\/index.php\/wp-json\/wp\/v2\/categories?post=175"},{"taxonomy":"post_tag","embeddable":true,"href":"https:\/\/usagers-transports.haut-allier.eu\/index.php\/wp-json\/wp\/v2\/tags?post=175"}],"curies":[{"name":"wp","href":"https:\/\/api.w.org\/{rel}","templated":true}]}}