{"id":177,"date":"2015-02-18T07:31:59","date_gmt":"2015-02-18T06:31:59","guid":{"rendered":"http:\/\/5.45.101.177\/haut-allier\/usagers-transportse\/index.php\/2015\/02\/18\/manif-de-genolhac-en-soutien-aux177\/"},"modified":"2015-02-18T07:31:59","modified_gmt":"2015-02-18T06:31:59","slug":"manif-de-genolhac-en-soutien-aux177","status":"publish","type":"post","link":"https:\/\/usagers-transports.haut-allier.eu\/index.php\/2015\/02\/18\/manif-de-genolhac-en-soutien-aux177\/","title":{"rendered":"Manif de G\u00e9nolhac en soutien aux usagers attaqu\u00e9s par la SNCF"},"content":{"rendered":"<p>La manifestation \u00ab\u00a0Soyons Charlot\u00a0\u00bb hier mardi matin 17 f\u00e9vrier \u00e0 G\u00e9nolhac a \u00e9t\u00e9 un succ\u00e8s, t\u00e9moin ces reportages de la presse r\u00e9gionale :<br \/>\n&nbsp;<br \/>\n&#8211; sur France Bleu Gard Loz\u00e8re au journal de 18h du 17.<br \/>\n&nbsp;<\/p>\n<p>[(Une centaine de personnes donc ce matin devant la gendarmerie de G\u00e9nolhac pour protester contre la plainte de la SNCF, une plainte contre Claude Magnien, le pr\u00e9sident des usagers des services publics des Hauts de C\u00e9vennes pour d\u00e9gradation apr\u00e8s un rassemblement pour d\u00e9fendre la ligne N\u00eemes-Clermont Ferrand. Ludovic Labastrou \u00e9tait avec les manifestants ce matin.<br \/>\n&nbsp;<br \/>\n<strong>\u00ab\u00a0C\u2019est la d\u00e9sertification d\u2019un territoire qui est d\u00e9j\u00e0 \u00e0 l\u2019os avec des gens, des personnes \u00e2g\u00e9es qui ont pas internet, qui peuvent pas se d\u00e9placer. Et en plus, je suis profond\u00e9ment choqu\u00e9e qu\u2019on puisse porter plainte pour d\u00e9gradation du service public. Je me demande qui d\u00e9grade le service public.\u00a0\u00bb<\/strong><br \/>\n&nbsp;<br \/>\n<strong>\u00ab\u00a0D\u2019abord on a commenc\u00e9 par les guichets, apr\u00e8s on a ferm\u00e9 les gares et puis \u00e0 d\u2019autres endroits on ferme les lignes. Et donc c\u2019est la vie du pays, c\u2019est notre vie.\u00a0\u00bb<\/strong><br \/>\n&nbsp;<br \/>\n<strong>\u00ab\u00a0Et comme le ministre de l\u2019\u00e9conomie Macron a dit que les cars c\u2019\u00e9tait bien pour les pauvres, pour les r\u00e9gions d\u00e9favoris\u00e9es, on y aura droit. Mais m\u00eame les pauvres ne se le paieront pas.\u00a0\u00bb<\/strong><br \/>\n&nbsp;<br \/>\n<strong>\u00ab\u00a0Vous fermez les gares, ici c\u2019est perdu. Comment les gens ils font pour vivre\u00a0? Prendre une charrette\u00a0? Ils ferment tout alors, je comprends pas.\u00a0\u00bb<\/strong><br \/>\n&nbsp;<br \/>\n<strong>\u00ab\u00a0Tout \u00e7a pour dire quand m\u00eame que les usagers, quels qu\u2019ils soient, ils ont int\u00e9r\u00eat \u00e0 r\u00e9fl\u00e9chir, \u00e0 se mobiliser contre cette d\u00e9gradation du service public en g\u00e9n\u00e9ral.\u00a0\u00bb<\/strong><br \/>\n)]<br \/>\n&nbsp;<\/p>\n<p>&#8211; sur France 3 Sud Pays Gardois au journal de 19h20 du 17.<br \/>\n&nbsp;<\/p>\n<p>[(<br \/>\n\u00ab\u00a0La SNCF bafoue sont contrat. La SNCF bafoue le contrat public.\u00a0\u00bb<br \/>\n&nbsp;<br \/>\nC\u2019\u00e9tait un peu carnaval ce matin devant la gendarmerie de G\u00e9nolhac. Les d\u00e9fenseurs des services publics avaient choisi l\u2019humour pour soutenir le pr\u00e9sident de leur association, convoqu\u00e9 apr\u00e8s le d\u00e9p\u00f4t d\u2019une plainte de la SNCF pour entrave \u00e0 la libre circulation des trains. Mais une convocation finalement report\u00e9e.<br \/>\n&nbsp;<br \/>\nClaude Magnien, pr\u00e9sident du comit\u00e9 d\u00e9fense des services publics en hautes C\u00e9vennes :<br \/>\n<strong>\u00ab\u00a0Ceux qui sont au banc des accus\u00e9s aujourd&rsquo;hui, ce devrait \u00eatre la SNCF qui d\u00e9truit les r\u00e9gions comme les n\u00f4tres en commen\u00e7ant par la suppression de leurs guichets puis de leurs trains etc\u2026\u00a0\u00bb<\/strong><br \/>\n&nbsp;<br \/>\nPour cette manifestation de soutien, ils \u00e9taient environ 150 adh\u00e9rents, \u00e9lus et sympathisants pour la plupart d\u00e9sireux d\u2019\u00eatre aussi entendus par les gendarmes.<br \/>\n&nbsp;<br \/>\n<strong>\u00ab\u00a0On a tous d\u00e9cid\u00e9s ensemble et donc on est solidaires. On demande \u00e0 \u00eatre entendus en qualit\u00e9\u2026 voil\u00e0, d\u2019\u00eatre comme Claude.\u00a0\u00bb <\/strong><br \/>\n&nbsp;<br \/>\nMenaces sur la ligne, fermeture des guichets, pour le transport ferroviaire dans les Hautes C\u00e9vennes, les motifs d\u2019inqui\u00e9tude sont nombreux. Le conflit entre usagers et SNCF se durcit. Une table ronde en sous-pr\u00e9fecture d\u2019Al\u00e8s doit r\u00e9unir jeudi les diff\u00e9rentes parties concern\u00e9es.<br \/>\n)]<br \/>\n&nbsp;<br \/>\nLe lien : <a href=\"http:\/\/france3-regions.francetvinfo.fr\/languedoc-roussillon\/2015\/02\/17\/150-personnes-genolhac-pour-soutenir-un-defenseur-des-services-publics-657435.html\">france3-150-personnes-genolhac-pour-soutenir-un-defenseur-des-services-publics<\/a><br \/>\n&nbsp;<\/p>\n<p>&#8211; sur France Bleu Gard Loz\u00e8re au journal de 7h du 18.<br \/>\n&nbsp;<\/p>\n<p>[(Une manifestation un peu originale hier devant la gendarmerie de G\u00e9nolhac. Les usagers de la SNCF du train c\u00e9venol \u00e9taient rassembl\u00e9s d\u00e9guis\u00e9s. Ils venaient soutenir le pr\u00e9sident de leur comit\u00e9 vis\u00e9 par une plainte de la SNCF pour d\u00e9gradations. Son audition a finalement \u00e9t\u00e9 report\u00e9e mais les usagers ont tenu \u00e0 rappeler l\u2019importance du train c\u00e9venol pour eux et d\u00e9noncer aussi la fermeture de certains guichets.)]<\/p>\n<p>&nbsp;<br \/>\n&#8211; sur France Bleu Gard Loz\u00e8re au journal de 8h du 18.<br \/>\n&nbsp;<\/p>\n<p>[(Des nez rouges, des clowns, un charlot aussi r\u00e9unis devant la gendarmerie de G\u00e9nolhac hier. Rassemblement burlesque pour soutenir le pr\u00e9sident du comit\u00e9 des usagers de la SNCF vis\u00e9 par une plainte de la compagnie ferroviaire pour d\u00e9gradations apr\u00e8s les r\u00e9centes manifestations du comit\u00e9 qui s\u2019\u00e9tait mobilis\u00e9 pour d\u00e9fendre la ligne N\u00eemes-Clermont Ferrand. Pr\u00e8s de 150 personnes \u00e9taient r\u00e9unies hier mais finalement l\u2019audition de Claude Magnien a \u00e9t\u00e9 report\u00e9e.<br \/>\n)]<br \/>\n&nbsp;<\/p>\n<p>&#8211; sur Objectif Gard : <a href=\"http:\/\/www.objectifgard.com\/2015\/02\/17\/genolhac-manifestation-burlesque-defenseurs-ligne-cevennes\/\">La manifestation-burlesque-defenseurs-ligne-cevennes.<\/a><br \/>\n&nbsp;<\/p>\n<p>&#8211; sur Midi LIbre :<br \/>\n&nbsp;<br \/>\n<img decoding=\"async\" src=\"IMG\/jpg\/Pieddenez.jpg\" alt=\"Pieddenez.jpg\" align=\"center\" \/><\/p>\n","protected":false},"excerpt":{"rendered":"<p>La manifestation \u00ab\u00a0Soyons Charlot\u00a0\u00bb hier mardi matin 17 f\u00e9vrier \u00e0 G\u00e9nolhac a \u00e9t\u00e9 un succ\u00e8s, t\u00e9moin ces reportages<\/p>\n","protected":false},"author":1,"featured_media":0,"comment_status":"closed","ping_status":"open","sticky":false,"template":"","format":"standard","meta":{"footnotes":""},"categories":[3],"tags":[],"class_list":["post-177","post","type-post","status-publish","format-standard","hentry","category-en-train"],"_links":{"self":[{"href":"https:\/\/usagers-transports.haut-allier.eu\/index.php\/wp-json\/wp\/v2\/posts\/177","targetHints":{"allow":["GET"]}}],"collection":[{"href":"https:\/\/usagers-transports.haut-allier.eu\/index.php\/wp-json\/wp\/v2\/posts"}],"about":[{"href":"https:\/\/usagers-transports.haut-allier.eu\/index.php\/wp-json\/wp\/v2\/types\/post"}],"author":[{"embeddable":true,"href":"https:\/\/usagers-transports.haut-allier.eu\/index.php\/wp-json\/wp\/v2\/users\/1"}],"replies":[{"embeddable":true,"href":"https:\/\/usagers-transports.haut-allier.eu\/index.php\/wp-json\/wp\/v2\/comments?post=177"}],"version-history":[{"count":0,"href":"https:\/\/usagers-transports.haut-allier.eu\/index.php\/wp-json\/wp\/v2\/posts\/177\/revisions"}],"wp:attachment":[{"href":"https:\/\/usagers-transports.haut-allier.eu\/index.php\/wp-json\/wp\/v2\/media?parent=177"}],"wp:term":[{"taxonomy":"category","embeddable":true,"href":"https:\/\/usagers-transports.haut-allier.eu\/index.php\/wp-json\/wp\/v2\/categories?post=177"},{"taxonomy":"post_tag","embeddable":true,"href":"https:\/\/usagers-transports.haut-allier.eu\/index.php\/wp-json\/wp\/v2\/tags?post=177"}],"curies":[{"name":"wp","href":"https:\/\/api.w.org\/{rel}","templated":true}]}}