{"id":178,"date":"2015-02-20T06:43:56","date_gmt":"2015-02-20T05:43:56","guid":{"rendered":"http:\/\/5.45.101.177\/haut-allier\/usagers-transportse\/index.php\/2015\/02\/20\/train-beziers-neussargues178\/"},"modified":"2015-02-20T06:43:56","modified_gmt":"2015-02-20T05:43:56","slug":"train-beziers-neussargues178","status":"publish","type":"post","link":"https:\/\/usagers-transports.haut-allier.eu\/index.php\/2015\/02\/20\/train-beziers-neussargues178\/","title":{"rendered":"Train B\u00e9ziers Neussargues : manifestation de la derni\u00e8re chance 28 f\u00e9vrier \u00e0 St-Ch\u00e9ly d&rsquo;Apcher"},"content":{"rendered":"<p><strong>\u00ab\u00a0La SNCF et le gouvernement veulent fermer la ligne, probablement apr\u00e8s les cong\u00e9s d\u2019\u00e9t\u00e9 2015\u00a0\u00bb<\/strong> assure le Comit\u00e9 pluraliste de d\u00e9fense de la ligne de l&rsquo;Aubrac.<br \/>\n&nbsp;<br \/>\nApparemment ce serait d&rsquo;abord entre Saint-Ch\u00e9ly d&rsquo;Apcher et Neussargues, portion qui n&rsquo;accueille d\u00e9j\u00e0 plus que deux trains par jour, les autres trajets \u00e9tant assur\u00e9s par bus, tellement moins co\u00fbteux insiste-t-on dans la soci\u00e9t\u00e9 dite ferroviaire, sans correspondances avec la portion sud de la ligne. C&rsquo;eut \u00e9t\u00e9 trop demander.<br \/>\n&nbsp;<br \/>\nIl organise donc une grande manifestation pour son maintien :<br \/>\n&nbsp;<br \/>\n<strong>Le 28 f\u00e9vrier \u00e0 10h30 gare de Saint-Ch\u00e9ly-d\u2019Apcher (Loz\u00e8re).<\/strong><br \/>\n&nbsp;<br \/>\n<img decoding=\"async\" src=\"IMG\/jpg\/Beziers.jpg\" alt=\"Beziers.jpg\" align=\"center\" \/><\/p>\n","protected":false},"excerpt":{"rendered":"<p>\u00ab\u00a0La SNCF et le gouvernement veulent fermer la ligne, probablement apr\u00e8s les cong\u00e9s d\u2019\u00e9t\u00e9 2015\u00a0\u00bb assure le Comit\u00e9<\/p>\n","protected":false},"author":1,"featured_media":0,"comment_status":"closed","ping_status":"open","sticky":false,"template":"","format":"standard","meta":{"footnotes":""},"categories":[3],"tags":[],"class_list":["post-178","post","type-post","status-publish","format-standard","hentry","category-en-train"],"_links":{"self":[{"href":"https:\/\/usagers-transports.haut-allier.eu\/index.php\/wp-json\/wp\/v2\/posts\/178","targetHints":{"allow":["GET"]}}],"collection":[{"href":"https:\/\/usagers-transports.haut-allier.eu\/index.php\/wp-json\/wp\/v2\/posts"}],"about":[{"href":"https:\/\/usagers-transports.haut-allier.eu\/index.php\/wp-json\/wp\/v2\/types\/post"}],"author":[{"embeddable":true,"href":"https:\/\/usagers-transports.haut-allier.eu\/index.php\/wp-json\/wp\/v2\/users\/1"}],"replies":[{"embeddable":true,"href":"https:\/\/usagers-transports.haut-allier.eu\/index.php\/wp-json\/wp\/v2\/comments?post=178"}],"version-history":[{"count":0,"href":"https:\/\/usagers-transports.haut-allier.eu\/index.php\/wp-json\/wp\/v2\/posts\/178\/revisions"}],"wp:attachment":[{"href":"https:\/\/usagers-transports.haut-allier.eu\/index.php\/wp-json\/wp\/v2\/media?parent=178"}],"wp:term":[{"taxonomy":"category","embeddable":true,"href":"https:\/\/usagers-transports.haut-allier.eu\/index.php\/wp-json\/wp\/v2\/categories?post=178"},{"taxonomy":"post_tag","embeddable":true,"href":"https:\/\/usagers-transports.haut-allier.eu\/index.php\/wp-json\/wp\/v2\/tags?post=178"}],"curies":[{"name":"wp","href":"https:\/\/api.w.org\/{rel}","templated":true}]}}