{"id":18,"date":"2010-08-24T09:16:00","date_gmt":"2010-08-24T07:16:00","guid":{"rendered":"http:\/\/5.45.101.177\/haut-allier\/usagers-transportse\/index.php\/2010\/08\/24\/train-cevenol-sauvons-la-gare-d018\/"},"modified":"2010-08-24T09:16:00","modified_gmt":"2010-08-24T07:16:00","slug":"train-cevenol-sauvons-la-gare-d018","status":"publish","type":"post","link":"https:\/\/usagers-transports.haut-allier.eu\/index.php\/2010\/08\/24\/train-cevenol-sauvons-la-gare-d018\/","title":{"rendered":"Train C\u00e9venol : Sauvons la gare d&rsquo;Alleyras ! [p\u00e9tition en ligne]"},"content":{"rendered":"<p>La liste des signataires est regroup\u00e9e \u00e0 celle de la p\u00e9tition \u00ab\u00a0papier\u00a0\u00bb et c&rsquo;est maintenant sur <a href=\"http:\/\/alleyras.capitale.dulibre.net\/spip.php?article27\" target=_blank>cette page<\/a>. <\/p>\n<p><a href=\"http:\/\/traincevenol.free.fr\/pages\/sommaire.htm \" target=_blank>Le site de l&rsquo;association des \u00e9lus pour la d\u00e9fense du C\u00e9venol.<\/a><\/p>\n<p>Ci-dessus, en portfolio, deux <a href=\"http:\/\/alleyras.capitale.dulibre.net\/IMG\/jpg\/affiche-expo-2010.jpg\">affiches<\/a> \u00e0 <a href=\"http:\/\/alleyras.capitale.dulibre.net\/IMG\/jpg\/affichepetition.jpg\">imprimer<\/a> soi-m\u00eame et \u00e0 coller o\u00f9 bon vous semble.<\/p>\n","protected":false},"excerpt":{"rendered":"<p>La liste des signataires est regroup\u00e9e \u00e0 celle de la p\u00e9tition \u00ab\u00a0papier\u00a0\u00bb et c&rsquo;est maintenant sur cette page.<\/p>\n","protected":false},"author":1,"featured_media":0,"comment_status":"closed","ping_status":"open","sticky":false,"template":"","format":"standard","meta":{"footnotes":""},"categories":[2],"tags":[],"class_list":["post-18","post","type-post","status-publish","format-standard","hentry","category-infos"],"_links":{"self":[{"href":"https:\/\/usagers-transports.haut-allier.eu\/index.php\/wp-json\/wp\/v2\/posts\/18","targetHints":{"allow":["GET"]}}],"collection":[{"href":"https:\/\/usagers-transports.haut-allier.eu\/index.php\/wp-json\/wp\/v2\/posts"}],"about":[{"href":"https:\/\/usagers-transports.haut-allier.eu\/index.php\/wp-json\/wp\/v2\/types\/post"}],"author":[{"embeddable":true,"href":"https:\/\/usagers-transports.haut-allier.eu\/index.php\/wp-json\/wp\/v2\/users\/1"}],"replies":[{"embeddable":true,"href":"https:\/\/usagers-transports.haut-allier.eu\/index.php\/wp-json\/wp\/v2\/comments?post=18"}],"version-history":[{"count":0,"href":"https:\/\/usagers-transports.haut-allier.eu\/index.php\/wp-json\/wp\/v2\/posts\/18\/revisions"}],"wp:attachment":[{"href":"https:\/\/usagers-transports.haut-allier.eu\/index.php\/wp-json\/wp\/v2\/media?parent=18"}],"wp:term":[{"taxonomy":"category","embeddable":true,"href":"https:\/\/usagers-transports.haut-allier.eu\/index.php\/wp-json\/wp\/v2\/categories?post=18"},{"taxonomy":"post_tag","embeddable":true,"href":"https:\/\/usagers-transports.haut-allier.eu\/index.php\/wp-json\/wp\/v2\/tags?post=18"}],"curies":[{"name":"wp","href":"https:\/\/api.w.org\/{rel}","templated":true}]}}