{"id":180,"date":"2015-02-23T06:12:34","date_gmt":"2015-02-23T05:12:34","guid":{"rendered":"http:\/\/5.45.101.177\/haut-allier\/usagers-transportse\/index.php\/2015\/02\/23\/trains-tet-intercites-la-region180\/"},"modified":"2015-02-23T06:12:34","modified_gmt":"2015-02-23T05:12:34","slug":"trains-tet-intercites-la-region180","status":"publish","type":"post","link":"https:\/\/usagers-transports.haut-allier.eu\/index.php\/2015\/02\/23\/trains-tet-intercites-la-region180\/","title":{"rendered":"Trains TET Intercit\u00e9s : la r\u00e9gion Languedoc Roussillon se r\u00e9veille enfin !"},"content":{"rendered":"<p>Ce 20 f\u00e9vrier 2015 il y a eu vote d&rsquo;une motion pour la d\u00e9fense des trains d&rsquo;\u00e9quilibre du territoire par le conseil r\u00e9gional LR, comprendre au sujet les lignes de l&rsquo;Aubrac B\u00e9ziers Neussargues Clermont Ferrand et du C\u00e9venol N\u00eemes Clermont-Ferrand. Selon sa vice-pr\u00e9sidente d\u00e9l\u00e9gu\u00e9e aux transports Marie Meunier Polge :<br \/>\n&nbsp;<\/p>\n<div style=\"position:relative;padding-bottom:53%;padding-top:20px;height:0;\"><iframe style=\"position:absolute;top:0;left:0;width:100%;height:100%;\" frameborder=\"0\" allowfullscreen src=\"http:\/\/videos.mediasdusud.fr\/back\/videopreview\/video.php?autostart=true&#038;id=JT_ITW_REGION-TETE_200215-ME&#038;articleid=JT_ITW_REGION-TETE_200215-ME&#038;w=100%\"><\/iframe><\/div>\n<p>&nbsp;<br \/>\n<strong> \u00ab\u00a0Ce que nous avons dit tout \u00e0 l\u2019heure est vot\u00e9 \u00e0 l\u2019unanimit\u00e9 d\u2019ailleurs, je voudrais le souligner. Ce qui signifie que les \u00e9lus du territoire du Languedoc Roussillon sont attentifs \u00e0 cette probl\u00e9matique et je crois qu\u2019aujourd&rsquo;hui faut l\u2019\u00eatre. Parce que on ne&#8230; la veille de\u2026 on est dans des p\u00e9riodes de mutation. Va y avoir les fusions de r\u00e9gions, des territoires vont bouger et je crois qu\u2019il faut plus que jamais faire entendre notre voix pour ces territoires qui sont des territoires urbains, mais pas seulement. Je rappelle que les TET sont aussi des lignes comme on trouve la ligne des C\u00e9vennes, l\u2019Aubrac, sont des trains d\u2019\u00e9quilibre territoriaux qui permettent aux populations de se d\u00e9placer. Nous sommes tr\u00e8s, tr\u00e8s attentifs \u00e0 cette question-l\u00e0.\u00a0\u00bb<\/strong><br \/>\n&nbsp;<br \/>\nD\u00e9claration sur TV Sud N\u00eemes et Montpellier ce vendredi 20 f\u00e9vrier.<br \/>\n&nbsp;<br \/>\n<em>\u00ab\u00a0Soutenir, d\u00e9fendre et d\u00e9velopper des Trains d&rsquo;\u00e9quilibre du territoire<br \/>\nIl convient, au nom de la d\u00e9fense du service public et du \u00ab train du quotidien \u00bb, de pr\u00e9server aujourd\u2019hui l&rsquo;armature nationale de desserte par trains. Le Conseil r\u00e9gional a vot\u00e9 une motion de d\u00e9fense des trains d&rsquo;\u00e9quilibre du territoire, dont le maintien et le d\u00e9veloppement incombent \u00e0 la SNCF, sous l&rsquo;autorit\u00e9 de l&rsquo;\u00c9tat.\u00a0\u00bb<br \/>\n<\/em> pr\u00e9cise le <a href=\"http:\/\/www.laregion.fr\/actualite\/560\/44-la-region-s-engage-pour-la-politique-de-la-ville.htm\">site Internet <\/a> de la r\u00e9gion.<br \/>\n&nbsp;<\/p>\n<p>Nous le notons car nous n&rsquo;\u00e9tions plus habitu\u00e9s aux prises de position de cette collectivit\u00e9. Esp\u00e9rons que de concert avec la r\u00e9gion Auvergne la d\u00e9fense des lignes irriguantes de pays s&rsquo;en trouvera confort\u00e9e.<\/p>\n","protected":false},"excerpt":{"rendered":"<p>Ce 20 f\u00e9vrier 2015 il y a eu vote d&rsquo;une motion pour la d\u00e9fense des trains d&rsquo;\u00e9quilibre du<\/p>\n","protected":false},"author":1,"featured_media":0,"comment_status":"closed","ping_status":"open","sticky":false,"template":"","format":"standard","meta":{"footnotes":""},"categories":[3],"tags":[],"class_list":["post-180","post","type-post","status-publish","format-standard","hentry","category-en-train"],"_links":{"self":[{"href":"https:\/\/usagers-transports.haut-allier.eu\/index.php\/wp-json\/wp\/v2\/posts\/180","targetHints":{"allow":["GET"]}}],"collection":[{"href":"https:\/\/usagers-transports.haut-allier.eu\/index.php\/wp-json\/wp\/v2\/posts"}],"about":[{"href":"https:\/\/usagers-transports.haut-allier.eu\/index.php\/wp-json\/wp\/v2\/types\/post"}],"author":[{"embeddable":true,"href":"https:\/\/usagers-transports.haut-allier.eu\/index.php\/wp-json\/wp\/v2\/users\/1"}],"replies":[{"embeddable":true,"href":"https:\/\/usagers-transports.haut-allier.eu\/index.php\/wp-json\/wp\/v2\/comments?post=180"}],"version-history":[{"count":0,"href":"https:\/\/usagers-transports.haut-allier.eu\/index.php\/wp-json\/wp\/v2\/posts\/180\/revisions"}],"wp:attachment":[{"href":"https:\/\/usagers-transports.haut-allier.eu\/index.php\/wp-json\/wp\/v2\/media?parent=180"}],"wp:term":[{"taxonomy":"category","embeddable":true,"href":"https:\/\/usagers-transports.haut-allier.eu\/index.php\/wp-json\/wp\/v2\/categories?post=180"},{"taxonomy":"post_tag","embeddable":true,"href":"https:\/\/usagers-transports.haut-allier.eu\/index.php\/wp-json\/wp\/v2\/tags?post=180"}],"curies":[{"name":"wp","href":"https:\/\/api.w.org\/{rel}","templated":true}]}}