{"id":181,"date":"2015-02-24T06:24:45","date_gmt":"2015-02-24T05:24:45","guid":{"rendered":"http:\/\/5.45.101.177\/haut-allier\/usagers-transportse\/index.php\/2015\/02\/24\/ligne-du-cevenol-dans-le-gard-avec181\/"},"modified":"2015-02-24T06:24:45","modified_gmt":"2015-02-24T05:24:45","slug":"ligne-du-cevenol-dans-le-gard-avec181","status":"publish","type":"post","link":"https:\/\/usagers-transports.haut-allier.eu\/index.php\/2015\/02\/24\/ligne-du-cevenol-dans-le-gard-avec181\/","title":{"rendered":"Ligne du C\u00e9venol : dans le Gard avec plus d&rsquo;arr\u00eats les trains seraient plus fr\u00e9quent\u00e9s"},"content":{"rendered":"<p>Anne-Marie Skora pr\u00e9sidente de l&rsquo;association des usagers de la SNCF du Gard et des d\u00e9partements limitrophes a accord\u00e9 une entrevue \u00e0 Midi Libre dans lequel elle fait le point sur l&rsquo;\u00e9tat du service de la SNCF dans les C\u00e9vennes.<br \/>\n&nbsp;<br \/>\n<img decoding=\"async\" src=\"IMG\/png\/ml-ams.png\" alt=\"ml-ams.png\" \/><br \/>\n&nbsp;<\/p>\n","protected":false},"excerpt":{"rendered":"<p>Anne-Marie Skora pr\u00e9sidente de l&rsquo;association des usagers de la SNCF du Gard et des d\u00e9partements limitrophes a accord\u00e9<\/p>\n","protected":false},"author":1,"featured_media":0,"comment_status":"closed","ping_status":"open","sticky":false,"template":"","format":"standard","meta":{"footnotes":""},"categories":[3],"tags":[],"class_list":["post-181","post","type-post","status-publish","format-standard","hentry","category-en-train"],"_links":{"self":[{"href":"https:\/\/usagers-transports.haut-allier.eu\/index.php\/wp-json\/wp\/v2\/posts\/181","targetHints":{"allow":["GET"]}}],"collection":[{"href":"https:\/\/usagers-transports.haut-allier.eu\/index.php\/wp-json\/wp\/v2\/posts"}],"about":[{"href":"https:\/\/usagers-transports.haut-allier.eu\/index.php\/wp-json\/wp\/v2\/types\/post"}],"author":[{"embeddable":true,"href":"https:\/\/usagers-transports.haut-allier.eu\/index.php\/wp-json\/wp\/v2\/users\/1"}],"replies":[{"embeddable":true,"href":"https:\/\/usagers-transports.haut-allier.eu\/index.php\/wp-json\/wp\/v2\/comments?post=181"}],"version-history":[{"count":0,"href":"https:\/\/usagers-transports.haut-allier.eu\/index.php\/wp-json\/wp\/v2\/posts\/181\/revisions"}],"wp:attachment":[{"href":"https:\/\/usagers-transports.haut-allier.eu\/index.php\/wp-json\/wp\/v2\/media?parent=181"}],"wp:term":[{"taxonomy":"category","embeddable":true,"href":"https:\/\/usagers-transports.haut-allier.eu\/index.php\/wp-json\/wp\/v2\/categories?post=181"},{"taxonomy":"post_tag","embeddable":true,"href":"https:\/\/usagers-transports.haut-allier.eu\/index.php\/wp-json\/wp\/v2\/tags?post=181"}],"curies":[{"name":"wp","href":"https:\/\/api.w.org\/{rel}","templated":true}]}}