{"id":183,"date":"2015-02-27T06:31:45","date_gmt":"2015-02-27T05:31:45","guid":{"rendered":"http:\/\/5.45.101.177\/haut-allier\/usagers-transportse\/index.php\/2015\/02\/27\/la-ligne-sncf-bordeaux-limoges183\/"},"modified":"2015-02-27T06:31:45","modified_gmt":"2015-02-27T05:31:45","slug":"la-ligne-sncf-bordeaux-limoges183","status":"publish","type":"post","link":"https:\/\/usagers-transports.haut-allier.eu\/index.php\/2015\/02\/27\/la-ligne-sncf-bordeaux-limoges183\/","title":{"rendered":"La ligne SNCF Bordeaux Limoges Lyon pourrait sortir du coma"},"content":{"rendered":"<p>Une assez bonne nouvelle re\u00e7ue ce jour accompagn\u00e9e de la possible cr\u00e9ation d&rsquo;une liaison par bus, tellement tendance, tellement plus \u00e9conomique, Felletin Aubusson Clermont-Ferrand pour remplacer celle ferroviaire Clermont Ussel Brives d\u00e9sormais pass\u00e9e aux oubliettes.<br \/>\n&nbsp;<br \/>\nEt malgr\u00e9 tous les efforts de mise en page de la <a href=\"http:\/\/www.sncf.com\/ressources\/2015_bdx_limoges_lyon.pdf\">fiche horaire 2015 de la SNCF<\/a> concernant la ligne on voit parfaitement la rupture de service entre Limoges et Lyon.<br \/>\n&nbsp;<br \/>\n<img decoding=\"async\" src=\"IMG\/jpg\/lp.jpg\" alt=\"lp.jpg\" \/><br \/>\n&nbsp;<br \/>\n<em>Ci-dessus l&rsquo;article du Populaire.<\/em><br \/>\n&nbsp;<br \/>\n&nbsp;<br \/>\nLa p\u00e9tition du collectif BLL est toujours en cours <a href=\"https:\/\/www.change.org\/p\/urgence-r%C3%A9ouverture-de-la-ligne-de-train-transversale-bordeaux-limoges-lyon\">ici<\/a>.<\/p>\n","protected":false},"excerpt":{"rendered":"<p>Une assez bonne nouvelle re\u00e7ue ce jour accompagn\u00e9e de la possible cr\u00e9ation d&rsquo;une liaison par bus, tellement tendance,<\/p>\n","protected":false},"author":1,"featured_media":0,"comment_status":"closed","ping_status":"open","sticky":false,"template":"","format":"standard","meta":{"footnotes":""},"categories":[3],"tags":[],"class_list":["post-183","post","type-post","status-publish","format-standard","hentry","category-en-train"],"_links":{"self":[{"href":"https:\/\/usagers-transports.haut-allier.eu\/index.php\/wp-json\/wp\/v2\/posts\/183","targetHints":{"allow":["GET"]}}],"collection":[{"href":"https:\/\/usagers-transports.haut-allier.eu\/index.php\/wp-json\/wp\/v2\/posts"}],"about":[{"href":"https:\/\/usagers-transports.haut-allier.eu\/index.php\/wp-json\/wp\/v2\/types\/post"}],"author":[{"embeddable":true,"href":"https:\/\/usagers-transports.haut-allier.eu\/index.php\/wp-json\/wp\/v2\/users\/1"}],"replies":[{"embeddable":true,"href":"https:\/\/usagers-transports.haut-allier.eu\/index.php\/wp-json\/wp\/v2\/comments?post=183"}],"version-history":[{"count":0,"href":"https:\/\/usagers-transports.haut-allier.eu\/index.php\/wp-json\/wp\/v2\/posts\/183\/revisions"}],"wp:attachment":[{"href":"https:\/\/usagers-transports.haut-allier.eu\/index.php\/wp-json\/wp\/v2\/media?parent=183"}],"wp:term":[{"taxonomy":"category","embeddable":true,"href":"https:\/\/usagers-transports.haut-allier.eu\/index.php\/wp-json\/wp\/v2\/categories?post=183"},{"taxonomy":"post_tag","embeddable":true,"href":"https:\/\/usagers-transports.haut-allier.eu\/index.php\/wp-json\/wp\/v2\/tags?post=183"}],"curies":[{"name":"wp","href":"https:\/\/api.w.org\/{rel}","templated":true}]}}