{"id":184,"date":"2015-03-01T11:15:31","date_gmt":"2015-03-01T10:15:31","guid":{"rendered":"http:\/\/5.45.101.177\/haut-allier\/usagers-transportse\/index.php\/2015\/03\/01\/manifestation-de-saint-chely-pour184\/"},"modified":"2015-03-01T11:15:31","modified_gmt":"2015-03-01T10:15:31","slug":"manifestation-de-saint-chely-pour184","status":"publish","type":"post","link":"https:\/\/usagers-transports.haut-allier.eu\/index.php\/2015\/03\/01\/manifestation-de-saint-chely-pour184\/","title":{"rendered":"Manifestation de Saint-Ch\u00e9ly pour la ligne B\u00e9ziers Neussargues Clermont-Ferrand"},"content":{"rendered":"<p>Pr\u00e8s de 400 personnes ont r\u00e9pondu \u00e0 l&rsquo;appel du comit\u00e9 pluraliste ce samedi matin du 28 f\u00e9vrier \u00e0 10h30 dans la petite gare de Saint-Ch\u00e9ly d&rsquo;Apcher en Loz\u00e8re. T\u00e9moin ces comptes-rendus dans les m\u00e9dias.<br \/>\n&nbsp;<br \/>\n&#8211; France 3 Languedoc Roussillon journal du 28 f\u00e9vrier 19h :<br \/>\n&nbsp;<br \/>\nLe script :<br \/>\n&nbsp;<br \/>\n[(<br \/>\nLes d\u00e9fenseurs du r\u00e9seau ferroviaire secondaire \u00e0 nouveau mobilis\u00e9s. Ils organisaient aujourd&rsquo;hui un grand rassemblement en gare de Saint-Ch\u00e9ly d&rsquo;Apcher en Loz\u00e8re pour d\u00e9noncer la suppression du train Aubrac entre Neussargues et B\u00e9ziers, une liaison qui pourrait dispara\u00eetre d\u00e8s le 1er d\u00e9cembre prochain.<br \/>\n&nbsp;<br \/>\nPour sauver l&rsquo;avenir d&rsquo;un train le mieux est sans doute d&rsquo;\u00eatre dedans. Alors sur la ligne Aubrac ce matin les wagons affichent complets. \u00c0 bord des voyageurs militants venus de l\u2019H\u00e9rault et d&rsquo;Aveyron pour d\u00e9fendre le Clermont-Ferrand B\u00e9ziers, un train dit d&rsquo;\u00e9quilibre du territoire aujourd&rsquo;hui s\u00e9rieusement menac\u00e9 par une politique ferroviaire jug\u00e9e destructrice.<br \/>\n&nbsp;<br \/>\nJacky Tello, Pr\u00e9sident du comit\u00e9 pluraliste de d\u00e9fense de la ligne B\u00e9ziers Neussargues<br \/>\n<strong>\u00ab\u00a0C&rsquo;est une lente agonie qui a commenc\u00e9 il y a 25 \u00e0 30 ans en arri\u00e8re. On a commenc\u00e9 d\u00e9j\u00e0 \u00e0 mettre des horaires impossibles pour les trains, donc pour que les gens ne puissent pas le prendre, petit \u00e0 petit on a commenc\u00e9 \u00e0 enlever les trains, on a commenc\u00e9 \u00e0 ralentir les vitesses, on a   commenc\u00e9 \u00e0 d\u00e9sint\u00e9resser les gens de prendre le train, et les habituer \u00e0 prendre des bus.\u00a0\u00bb  <\/strong><br \/>\n&nbsp;<br \/>\nDestination du jour Saint-Ch\u00e9ly d&rsquo;Apcher en Loz\u00e8re. 400 militants ont r\u00e9pondu \u00e0 l&rsquo;appel du grand rassemblement. Pour tous la m\u00eame crainte une fermeture pure et simple de la ligne au premier d\u00e9cembre prochain.<br \/>\n&nbsp;<br \/>\n<strong>\u00ab\u00a0Moi en fait je travaille sur la ligne donc&#8230; j&rsquo;essaie de sauver mon emploi.\u00a0\u00bb<\/strong><br \/>\n&nbsp;<br \/>\n<strong>\u00ab\u00a0Un ville dans laquelle le train serait absent pour \u00eatre au service des voyageurs ce serait quand m\u00eame quelque chose de&#8230; de&#8230; qui dans l&rsquo;esprit des gens de haute Loz\u00e8re est compl\u00e8tement impensable.\u00a0\u00bb<\/strong><br \/>\n&nbsp;<br \/>\n<strong>\u00ab\u00a0C&rsquo;est pas normal qu&rsquo;on supprime une ligne aussi belle, avec toutes les \u0153uvres d&rsquo;art qu&rsquo;il y a tout au long de cette ligne, c&rsquo;est une honte.\u00a0\u00bb <\/strong><br \/>\n&nbsp;<br \/>\nImpensable pour la survie des zones rurales et l&rsquo;avenir \u00e9conomique du territoire.<br \/>\n&nbsp;<br \/>\nPierre Lafont, Maire UMP de Saint-Ch\u00e9ly d&rsquo;Apcher (48)<br \/>\n<strong>\u00ab\u00a0C&rsquo;est vrai que Saint-Ch\u00e9ly avec son usine Arcelor Mital est la deuxi\u00e8me gare du Languedoc Roussillon puisque nous avons un fret tr\u00e8s important. Arcelor Mital si vous voulez, comment dirais-je, produit \u00e0 peu pr\u00e8s entre 120 et 150 000 tonnes d&rsquo;acier et qui vient par le rail bien \u00e9videmment.\u00a0\u00bb <\/strong><br \/>\n&nbsp;<br \/>\nSauver l&rsquo;Aubrac un combat local de 20 ans devenue aux yeux des militants le symbole d&rsquo;une lutte pour la d\u00e9fense des lignes rurales en France.<br \/>\n)]<br \/>\n&nbsp;<br \/>\nLa vid\u00e9o :<br \/>\n&nbsp;<br \/>\n<a href=\"\/IMG\/mp4\/manifestation-pour-la-ligne-beziers-clermont-st-chely-28fev2015-f3LR.mp4\"><img decoding=\"async\" src=\"IMG\/png\/vlcsnap-2015-03-01-12h01m47s192.png\" alt=\"vlcsnap-2015-03-01-12h01m47s192.png\" align=\"center\" \/><\/a><br \/>\n&nbsp;<br \/>\n&#8211; France 3 Auvergne journal du 28 f\u00e9vrier 19h :<br \/>\n&nbsp;<br \/>\nLa vid\u00e9o :<br \/>\n&nbsp;<br \/>\n<a href=\"\/IMG\/mp4\/manifestation-pour-la-ligne-beziers-clermont-st-chely-28fev2015-f3auvergne.mp4\"><img decoding=\"async\" src=\"IMG\/png\/vlcsnap-2015-03-01-12h02m04s121.png\" alt=\"vlcsnap-2015-03-01-12h02m04s121.png\" align=\"center\" \/><\/a><br \/>\n&nbsp;<br \/>\n&#8211; France 3 Midi-Pyr\u00e9nes journal du 28 f\u00e9vrier 19h :<br \/>\n&nbsp;<br \/>\nLa vid\u00e9o :<br \/>\n&nbsp;<br \/>\n<a href=\"\/IMG\/mp4\/manifestation-pour-la-ligne-beziers-clermont-st-chely-28fev2015-F3Midi-Pyrenees.mp4\"><img decoding=\"async\" src=\"IMG\/png\/vlcsnap-2015-03-01-19h14m22s70.png\" alt=\"vlcsnap-2015-03-01-19h14m22s70.png\" align=\"center\" \/><\/a><br \/>\n&nbsp;<br \/>\n&#8211; La Loz\u00e8re Nouvelle du 10 mars :<br \/>\n&nbsp;<br \/>\n<img decoding=\"async\" src=\"IMG\/jpg\/ln-st-chely-mob-aubrac-usagers-transports-haut-allier-eu.jpg\" alt=\"ln-st-chely-mob-aubrac-usagers-transports-haut-allier-eu.jpg\" align=\"center\" \/><br \/>\n&nbsp;<br \/>\n<strong>Soutenez la ligne vous aussi :<\/strong><br \/>\n&nbsp;<br \/>\nVous pouvez signer la p\u00e9tition en ligne pour le maintien de cette magnifique desserte entre le massif central et le sud <a href=\"https:\/\/t.co\/egoV1C7CEy\">ici<\/a>.<br \/>\n&nbsp;<br \/>\nComprendre un peu plus la ligne des Causses :<br \/>\n&nbsp;<br \/>\n&#8211; <a href=\"http:\/\/lignedescausses.unblog.fr\/aspect-amenagement-du-territoire\/\">ici<\/a>.<br \/>\n&#8211; <a href=\"http:\/\/www.amisdelunas.fr\/histoire-contemporaine\/beziers-neussargues\/beziers-neussargues-declin.htm\">ici<\/a><br \/>\n&#8211;<a href=\"http:\/\/www.massifcentralferroviaire.com\/reperes\/beziersneussargues\/beziersneussargues.htm\"> ici<\/a><\/p>\n","protected":false},"excerpt":{"rendered":"<p>Pr\u00e8s de 400 personnes ont r\u00e9pondu \u00e0 l&rsquo;appel du comit\u00e9 pluraliste ce samedi matin du 28 f\u00e9vrier \u00e0<\/p>\n","protected":false},"author":1,"featured_media":0,"comment_status":"closed","ping_status":"open","sticky":false,"template":"","format":"standard","meta":{"footnotes":""},"categories":[3],"tags":[],"class_list":["post-184","post","type-post","status-publish","format-standard","hentry","category-en-train"],"_links":{"self":[{"href":"https:\/\/usagers-transports.haut-allier.eu\/index.php\/wp-json\/wp\/v2\/posts\/184","targetHints":{"allow":["GET"]}}],"collection":[{"href":"https:\/\/usagers-transports.haut-allier.eu\/index.php\/wp-json\/wp\/v2\/posts"}],"about":[{"href":"https:\/\/usagers-transports.haut-allier.eu\/index.php\/wp-json\/wp\/v2\/types\/post"}],"author":[{"embeddable":true,"href":"https:\/\/usagers-transports.haut-allier.eu\/index.php\/wp-json\/wp\/v2\/users\/1"}],"replies":[{"embeddable":true,"href":"https:\/\/usagers-transports.haut-allier.eu\/index.php\/wp-json\/wp\/v2\/comments?post=184"}],"version-history":[{"count":0,"href":"https:\/\/usagers-transports.haut-allier.eu\/index.php\/wp-json\/wp\/v2\/posts\/184\/revisions"}],"wp:attachment":[{"href":"https:\/\/usagers-transports.haut-allier.eu\/index.php\/wp-json\/wp\/v2\/media?parent=184"}],"wp:term":[{"taxonomy":"category","embeddable":true,"href":"https:\/\/usagers-transports.haut-allier.eu\/index.php\/wp-json\/wp\/v2\/categories?post=184"},{"taxonomy":"post_tag","embeddable":true,"href":"https:\/\/usagers-transports.haut-allier.eu\/index.php\/wp-json\/wp\/v2\/tags?post=184"}],"curies":[{"name":"wp","href":"https:\/\/api.w.org\/{rel}","templated":true}]}}