{"id":185,"date":"2015-03-03T09:47:38","date_gmt":"2015-03-03T08:47:38","guid":{"rendered":"http:\/\/5.45.101.177\/haut-allier\/usagers-transportse\/index.php\/2015\/03\/03\/pas-cher-le-billet-clermont-nimes185\/"},"modified":"2015-03-03T09:47:38","modified_gmt":"2015-03-03T08:47:38","slug":"pas-cher-le-billet-clermont-nimes185","status":"publish","type":"post","link":"https:\/\/usagers-transports.haut-allier.eu\/index.php\/2015\/03\/03\/pas-cher-le-billet-clermont-nimes185\/","title":{"rendered":"Pas cher : le billet Clermont Nimes \u00e0 15 euros du 5 (enfin du 27) mars au 9 avril"},"content":{"rendered":"<p>Il nous arrive souvent de fustiger les tarifs trop \u00e9lev\u00e9s de la SNCF, mais quand elle fait un effort, et ce suite \u00e0 <a href=\"http:\/\/usagers-transports.haut-allier.eu\/spip.php?article134\">notre coup de gueule<\/a> d&rsquo;il y a un an faut-il le rappeler, et bien r\u00e9jouissons nous fr\u00e8res et soeurs et louons la :<br \/>\n&nbsp;<br \/>\nDonc jusqu&rsquo;au 11 mars vous pouvez acheter sur Internet les billets de train Intercit\u00e9s sur toute la France, y compris le brinquebalant train TET C\u00e9venol ainsi que l&rsquo;Aubrac B\u00e9ziers &#8211; Neussargues &#8211; Clermont Ferrand pour des voyages compris entre le 5 mars et le 9 avril.<br \/>\n&nbsp;<\/p>\n<p>[(<strong>[MAJ du 7 mars]<\/strong><br \/>\n&nbsp;<br \/>\n<em>Et bien non ! Apr\u00e8s v\u00e9rification pouss\u00e9e et malgr\u00e9 la carte des &lsquo;destinations&rsquo; publi\u00e9e par la SNCF le train Aubrac ne fait pas partie des b\u00e9n\u00e9ficiaires des largesses de la SNCF. Ce qui confirme bien l&rsquo;inqui\u00e9tude que nous devons tous avoir pour l&rsquo;avenir proche de cette ligne.<\/em>)]<\/p>\n<p>&nbsp;<br \/>\nMe direz vous que dans les gorges du Haut-Allier on est au r\u00e9gime pain sec puisque la voie est coup\u00e9e au moins jusqu&rsquo;au 27 mars. Qu&rsquo;\u00e0 cela ne tienne ! L&rsquo;Intercit\u00e9s ne s&rsquo;arr\u00eatant point dans <em>nos merveilleuses mais posant probl\u00e8mes semble-t-il Gorges Sauvages<\/em> il sera n\u00e9anmoins int\u00e9ressant de commander des trajets \u00e0 15 euros depuis Langeac ou Langogne. Vers o\u00f9 vous voulez. Simplement pendant les travaux de remise en \u00e9tat de la voie \u00e0 Chapeauroux c&rsquo;est un bus qui se substituera au train entre ces deux villes. Faites le vite \u00e7a s&rsquo;arr\u00eate bient\u00f4t et \u00e7a s&rsquo;appelle \u00ab\u00a0100 000 billets Intercit\u00e9s \u00e0 petits prix\u00a0\u00bb. Voici le communiqu\u00e9 envoy\u00e9 hier par la SNCF :<br \/>\n&nbsp;<br \/>\n<img decoding=\"async\" src=\"IMG\/png\/intercites-promo-2015-mars.png\" alt=\"intercites-promo-2015-mars.png\" align=\"center\" \/><br \/>\n&nbsp;<br \/>\nEt la carte des destinations possibles :<br \/>\n&nbsp;<br \/>\n<img decoding=\"async\" src=\"IMG\/png\/carte-reseau-intercites-sncf.png\" alt=\"carte-reseau-intercites-sncf.png\" \/><br \/>\n&nbsp;<br \/>\n<em> <strong>Bon profit ! Comme disent nos amis catalans (Ils doivent \u00eatre un peu auvergnats). <\/strong> <\/em><br \/>\n&nbsp;<\/p>\n","protected":false},"excerpt":{"rendered":"<p>Il nous arrive souvent de fustiger les tarifs trop \u00e9lev\u00e9s de la SNCF, mais quand elle fait un<\/p>\n","protected":false},"author":1,"featured_media":0,"comment_status":"closed","ping_status":"open","sticky":false,"template":"","format":"standard","meta":{"footnotes":""},"categories":[3],"tags":[],"class_list":["post-185","post","type-post","status-publish","format-standard","hentry","category-en-train"],"_links":{"self":[{"href":"https:\/\/usagers-transports.haut-allier.eu\/index.php\/wp-json\/wp\/v2\/posts\/185","targetHints":{"allow":["GET"]}}],"collection":[{"href":"https:\/\/usagers-transports.haut-allier.eu\/index.php\/wp-json\/wp\/v2\/posts"}],"about":[{"href":"https:\/\/usagers-transports.haut-allier.eu\/index.php\/wp-json\/wp\/v2\/types\/post"}],"author":[{"embeddable":true,"href":"https:\/\/usagers-transports.haut-allier.eu\/index.php\/wp-json\/wp\/v2\/users\/1"}],"replies":[{"embeddable":true,"href":"https:\/\/usagers-transports.haut-allier.eu\/index.php\/wp-json\/wp\/v2\/comments?post=185"}],"version-history":[{"count":0,"href":"https:\/\/usagers-transports.haut-allier.eu\/index.php\/wp-json\/wp\/v2\/posts\/185\/revisions"}],"wp:attachment":[{"href":"https:\/\/usagers-transports.haut-allier.eu\/index.php\/wp-json\/wp\/v2\/media?parent=185"}],"wp:term":[{"taxonomy":"category","embeddable":true,"href":"https:\/\/usagers-transports.haut-allier.eu\/index.php\/wp-json\/wp\/v2\/categories?post=185"},{"taxonomy":"post_tag","embeddable":true,"href":"https:\/\/usagers-transports.haut-allier.eu\/index.php\/wp-json\/wp\/v2\/tags?post=185"}],"curies":[{"name":"wp","href":"https:\/\/api.w.org\/{rel}","templated":true}]}}